{"id":1337,"date":"2013-03-07T09:08:37","date_gmt":"2013-03-07T09:08:37","guid":{"rendered":"https:\/\/www.ecoterrazas.com\/blog\/?p=1337"},"modified":"2020-05-13T20:59:05","modified_gmt":"2020-05-13T20:59:05","slug":"al-mal-tiempo-mini-invernadero","status":"publish","type":"post","link":"https:\/\/www.ecoterrazas.com\/blog\/al-mal-tiempo-mini-invernadero\/","title":{"rendered":"Al mal tiempo, mini-invernadero"},"content":{"rendered":"<p>Ahora que estamos a las puertas de la primavera ser\u00e9is much@s los que est\u00e9is deseos@s de iniciar la aventura de plantar en maceta y experimentar con vuestro peque\u00f1o<strong> huerto urbano<\/strong>, pero viendo este inicio de Marzo tan lluvioso, os proponemos un plan alternativo: asegurar la supervivencia de vuestros esquejes, protegi\u00e9ndolos de alteraciones meteorol\u00f3gicas.<\/p>\n<p>\u00bfCu\u00e1l es la mejor forma de burlar al mal tiempo? \u00bfponiendo buena cara? No, poniendo un invernadero.<\/p>\n<p>&nbsp;<br \/>\n<a href=\"https:\/\/www.ecoterrazas.com\/blog\/wp-content\/uploads\/Invernadero-Growbed-1x1m-Ecoterrazas.jpg\"><img loading=\"lazy\" decoding=\"async\" class=\"size-full wp-image-1338 aligncenter\" alt=\"Invernadero  Growbed 1x1m - Ecoterrazas\" src=\"https:\/\/www.ecoterrazas.com\/blog\/wp-content\/uploads\/Invernadero-Growbed-1x1m-Ecoterrazas.jpg\" width=\"450\" height=\"402\" srcset=\"https:\/\/www.ecoterrazas.com\/blog\/wp-content\/uploads\/Invernadero-Growbed-1x1m-Ecoterrazas.jpg 450w, https:\/\/www.ecoterrazas.com\/blog\/wp-content\/uploads\/Invernadero-Growbed-1x1m-Ecoterrazas-300x268.jpg 300w\" sizes=\"auto, (max-width: 450px) 100vw, 450px\" \/><\/a><br \/>\nCuando pensamos en un invernadero siempre nos imaginamos extensas superficies cubiertas, pero no tiene necesariamente que ser grande. Existen en el mercado <a title=\"Mini-invernadero\" href=\"https:\/\/www.ecoterrazas.com\/es\/trustedshops\/215-mini-invernadero-jiffy.html\">peque\u00f1os invernaderos<\/a> que podemos instalar en cualquier lugar: balcones, terrazas, patios o jardines, etc; adem\u00e1s son limpios y f\u00e1ciles de trasportar por lo que podremos cambiarlos de sitio seg\u00fan convenga.<\/p>\n<p><a href=\"https:\/\/www.ecoterrazas.com\/blog\/wp-content\/uploads\/Propagador-jumbo-Ecoterrazas.jpg\"><img loading=\"lazy\" decoding=\"async\" class=\"size-full wp-image-1339 aligncenter\" alt=\"Propagador-jumbo - Ecoterrazas\" src=\"https:\/\/www.ecoterrazas.com\/blog\/wp-content\/uploads\/Propagador-jumbo-Ecoterrazas.jpg\" width=\"450\" height=\"262\" srcset=\"https:\/\/www.ecoterrazas.com\/blog\/wp-content\/uploads\/Propagador-jumbo-Ecoterrazas.jpg 450w, https:\/\/www.ecoterrazas.com\/blog\/wp-content\/uploads\/Propagador-jumbo-Ecoterrazas-300x174.jpg 300w\" sizes=\"auto, (max-width: 450px) 100vw, 450px\" \/><\/a><\/p>\n<p>El tama\u00f1o del invernadero\u00a0 no influye en su funcionamiento; no por ser m\u00e1s peque\u00f1o va a ser menos eficiente, ya que todos funcionan del mismo modo. El sol, al atravesar un vidrio u otro material trasl\u00facido, calienta las plantas. Esta energ\u00eda se convierte en energ\u00eda t\u00e9rmica en el interior del invernadero, creando un microclima favorable para el crecimiento de \u00e9stas.<\/p>\n<p>Con estos peque\u00f1os invernaderos o <a title=\"Propagador\" href=\"https:\/\/www.ecoterrazas.com\/es\/invernaderos\/127-propagador-pequeno.html\">propagadores<\/a>, tenemos la posibilidad de controlar las condiciones de luz, temperatura y humedad,creando, as\u00ed, un entorno ideal para garantizar que nuestros esquejes crezcan fuertes y sanos. \u00c9stos podr\u00e1n ser trasplantados al aire libre llegada la primavera cuando el clima es m\u00e1s seguro y favorable.<\/p>\n<p>Los mini-invernaderos tambi\u00e9n son perfectos para los principiantes, aquellos que deciden aventurarse por primera vez en el apasionante mundo de la jardiner\u00eda; y un paso obligatorio para los m\u00e1s osados, que desean construir uno de mayor tama\u00f1o. En todo caso, instalar en casa un invernadero es un proyecto divertido y gratificante.<\/p>\n<p>Un verdadero disfrute a tu alcance.<\/p>\n","protected":false},"excerpt":{"rendered":"<p>Ahora que estamos a las puertas de la primavera ser\u00e9is much@s los que est\u00e9is deseos@s de iniciar la aventura de plantar en maceta y experimentar con vuestro peque\u00f1o huerto urbano, pero viendo este inicio de Marzo tan lluvioso, os proponemos un plan alternativo: asegurar la supervivencia de vuestros esquejes, protegi\u00e9ndolos de alteraciones meteorol\u00f3gicas. \u00bfCu\u00e1l es &hellip;<\/p>\n","protected":false},"author":1,"featured_media":1350,"comment_status":"open","ping_status":"open","sticky":false,"template":"","format":"standard","meta":{"jetpack_post_was_ever_published":false,"_jetpack_newsletter_access":"","_jetpack_dont_email_post_to_subs":false,"_jetpack_newsletter_tier_id":0,"_jetpack_memberships_contains_paywalled_content":false,"_jetpack_memberships_contains_paid_content":false,"footnotes":"","jetpack_publicize_message":"","jetpack_publicize_feature_enabled":true,"jetpack_social_post_already_shared":false,"jetpack_social_options":{"image_generator_settings":{"template":"highway","default_image_id":0,"font":"","enabled":false},"version":2}},"categories":[127,10],"tags":[14,20],"class_list":["post-1337","post","type-post","status-publish","format-standard","has-post-thumbnail","","category-huerto-urbano","category-jardineria","tag-cultivo","tag-huerto-urbano-2"],"yoast_head":"<!-- This site is optimized with the Yoast SEO plugin v27.4 - https:\/\/yoast.com\/product\/yoast-seo-wordpress\/ -->\n<title>Al mal tiempo, Mini-Invernadero<\/title>\n<meta name=\"description\" content=\"Inicia la aventura de plantar en maceta y experimentar con vuestro peque\u00f1o huerto urbano protegi\u00e9ndolo de las inclemencias meteorol\u00f3gicas.\" \/>\n<meta name=\"robots\" content=\"index, follow, max-snippet:-1, max-image-preview:large, max-video-preview:-1\" \/>\n<link rel=\"canonical\" href=\"https:\/\/www.ecoterrazas.com\/blog\/al-mal-tiempo-mini-invernadero\/\" \/>\n<meta property=\"og:locale\" content=\"es_ES\" \/>\n<meta property=\"og:type\" content=\"article\" \/>\n<meta property=\"og:title\" content=\"Al mal tiempo, Mini-Invernadero\" \/>\n<meta property=\"og:description\" content=\"Inicia la aventura de plantar en maceta y experimentar con vuestro peque\u00f1o huerto urbano protegi\u00e9ndolo de las inclemencias meteorol\u00f3gicas.\" \/>\n<meta property=\"og:url\" content=\"https:\/\/www.ecoterrazas.com\/blog\/al-mal-tiempo-mini-invernadero\/\" \/>\n<meta property=\"og:site_name\" content=\"Ecoterrazas\" \/>\n<meta property=\"article:published_time\" content=\"2013-03-07T09:08:37+00:00\" \/>\n<meta property=\"article:modified_time\" content=\"2020-05-13T20:59:05+00:00\" \/>\n<meta property=\"og:image\" content=\"https:\/\/www.ecoterrazas.com\/blog\/wp-content\/uploads\/Lechugas-Invernadero-Ecoterrazas1.jpg\" \/>\n\t<meta property=\"og:image:width\" content=\"700\" \/>\n\t<meta property=\"og:image:height\" content=\"465\" \/>\n\t<meta property=\"og:image:type\" content=\"image\/jpeg\" \/>\n<meta name=\"author\" content=\"Ecoterrazas.com\" \/>\n<meta name=\"twitter:label1\" content=\"Escrito por\" \/>\n\t<meta name=\"twitter:data1\" content=\"Ecoterrazas.com\" \/>\n\t<meta name=\"twitter:label2\" content=\"Tiempo de lectura\" \/>\n\t<meta name=\"twitter:data2\" content=\"2 minutos\" \/>\n<script type=\"application\/ld+json\" class=\"yoast-schema-graph\">{\"@context\":\"https:\\\/\\\/schema.org\",\"@graph\":[{\"@type\":\"Article\",\"@id\":\"https:\\\/\\\/www.ecoterrazas.com\\\/blog\\\/al-mal-tiempo-mini-invernadero\\\/#article\",\"isPartOf\":{\"@id\":\"https:\\\/\\\/www.ecoterrazas.com\\\/blog\\\/al-mal-tiempo-mini-invernadero\\\/\"},\"author\":{\"name\":\"Ecoterrazas.com\",\"@id\":\"https:\\\/\\\/www.ecoterrazas.com\\\/blog\\\/#\\\/schema\\\/person\\\/1c14febe08d983bdf01edf39f9cacb5d\"},\"headline\":\"Al mal tiempo, mini-invernadero\",\"datePublished\":\"2013-03-07T09:08:37+00:00\",\"dateModified\":\"2020-05-13T20:59:05+00:00\",\"mainEntityOfPage\":{\"@id\":\"https:\\\/\\\/www.ecoterrazas.com\\\/blog\\\/al-mal-tiempo-mini-invernadero\\\/\"},\"wordCount\":320,\"commentCount\":1,\"image\":{\"@id\":\"https:\\\/\\\/www.ecoterrazas.com\\\/blog\\\/al-mal-tiempo-mini-invernadero\\\/#primaryimage\"},\"thumbnailUrl\":\"https:\\\/\\\/www.ecoterrazas.com\\\/blog\\\/wp-content\\\/uploads\\\/Lechugas-Invernadero-Ecoterrazas1.jpg\",\"keywords\":[\"cultivo\",\"huerto urbano\"],\"articleSection\":[\"Huerto Urbano\",\"Jardiner\u00eda\"],\"inLanguage\":\"es\",\"potentialAction\":[{\"@type\":\"CommentAction\",\"name\":\"Comment\",\"target\":[\"https:\\\/\\\/www.ecoterrazas.com\\\/blog\\\/al-mal-tiempo-mini-invernadero\\\/#respond\"]}]},{\"@type\":\"WebPage\",\"@id\":\"https:\\\/\\\/www.ecoterrazas.com\\\/blog\\\/al-mal-tiempo-mini-invernadero\\\/\",\"url\":\"https:\\\/\\\/www.ecoterrazas.com\\\/blog\\\/al-mal-tiempo-mini-invernadero\\\/\",\"name\":\"Al mal tiempo, Mini-Invernadero\",\"isPartOf\":{\"@id\":\"https:\\\/\\\/www.ecoterrazas.com\\\/blog\\\/#website\"},\"primaryImageOfPage\":{\"@id\":\"https:\\\/\\\/www.ecoterrazas.com\\\/blog\\\/al-mal-tiempo-mini-invernadero\\\/#primaryimage\"},\"image\":{\"@id\":\"https:\\\/\\\/www.ecoterrazas.com\\\/blog\\\/al-mal-tiempo-mini-invernadero\\\/#primaryimage\"},\"thumbnailUrl\":\"https:\\\/\\\/www.ecoterrazas.com\\\/blog\\\/wp-content\\\/uploads\\\/Lechugas-Invernadero-Ecoterrazas1.jpg\",\"datePublished\":\"2013-03-07T09:08:37+00:00\",\"dateModified\":\"2020-05-13T20:59:05+00:00\",\"author\":{\"@id\":\"https:\\\/\\\/www.ecoterrazas.com\\\/blog\\\/#\\\/schema\\\/person\\\/1c14febe08d983bdf01edf39f9cacb5d\"},\"description\":\"Inicia la aventura de plantar en maceta y experimentar con vuestro peque\u00f1o huerto urbano protegi\u00e9ndolo de las inclemencias meteorol\u00f3gicas.\",\"inLanguage\":\"es\",\"potentialAction\":[{\"@type\":\"ReadAction\",\"target\":[\"https:\\\/\\\/www.ecoterrazas.com\\\/blog\\\/al-mal-tiempo-mini-invernadero\\\/\"]}]},{\"@type\":\"ImageObject\",\"inLanguage\":\"es\",\"@id\":\"https:\\\/\\\/www.ecoterrazas.com\\\/blog\\\/al-mal-tiempo-mini-invernadero\\\/#primaryimage\",\"url\":\"https:\\\/\\\/www.ecoterrazas.com\\\/blog\\\/wp-content\\\/uploads\\\/Lechugas-Invernadero-Ecoterrazas1.jpg\",\"contentUrl\":\"https:\\\/\\\/www.ecoterrazas.com\\\/blog\\\/wp-content\\\/uploads\\\/Lechugas-Invernadero-Ecoterrazas1.jpg\",\"width\":700,\"height\":465},{\"@type\":\"WebSite\",\"@id\":\"https:\\\/\\\/www.ecoterrazas.com\\\/blog\\\/#website\",\"url\":\"https:\\\/\\\/www.ecoterrazas.com\\\/blog\\\/\",\"name\":\"Ecoterrazas\",\"description\":\"Plantas de aire y tendencias ecologicas\",\"potentialAction\":[{\"@type\":\"SearchAction\",\"target\":{\"@type\":\"EntryPoint\",\"urlTemplate\":\"https:\\\/\\\/www.ecoterrazas.com\\\/blog\\\/?s={search_term_string}\"},\"query-input\":{\"@type\":\"PropertyValueSpecification\",\"valueRequired\":true,\"valueName\":\"search_term_string\"}}],\"inLanguage\":\"es\"},{\"@type\":\"Person\",\"@id\":\"https:\\\/\\\/www.ecoterrazas.com\\\/blog\\\/#\\\/schema\\\/person\\\/1c14febe08d983bdf01edf39f9cacb5d\",\"name\":\"Ecoterrazas.com\",\"sameAs\":[\"https:\\\/\\\/www.ecoterrazas.com\"],\"url\":\"https:\\\/\\\/www.ecoterrazas.com\\\/blog\\\/author\\\/ecoterra\\\/\"}]}<\/script>\n<!-- \/ Yoast SEO plugin. -->","yoast_head_json":{"title":"Al mal tiempo, Mini-Invernadero","description":"Inicia la aventura de plantar en maceta y experimentar con vuestro peque\u00f1o huerto urbano protegi\u00e9ndolo de las inclemencias meteorol\u00f3gicas.","robots":{"index":"index","follow":"follow","max-snippet":"max-snippet:-1","max-image-preview":"max-image-preview:large","max-video-preview":"max-video-preview:-1"},"canonical":"https:\/\/www.ecoterrazas.com\/blog\/al-mal-tiempo-mini-invernadero\/","og_locale":"es_ES","og_type":"article","og_title":"Al mal tiempo, Mini-Invernadero","og_description":"Inicia la aventura de plantar en maceta y experimentar con vuestro peque\u00f1o huerto urbano protegi\u00e9ndolo de las inclemencias meteorol\u00f3gicas.","og_url":"https:\/\/www.ecoterrazas.com\/blog\/al-mal-tiempo-mini-invernadero\/","og_site_name":"Ecoterrazas","article_published_time":"2013-03-07T09:08:37+00:00","article_modified_time":"2020-05-13T20:59:05+00:00","og_image":[{"width":700,"height":465,"url":"https:\/\/www.ecoterrazas.com\/blog\/wp-content\/uploads\/Lechugas-Invernadero-Ecoterrazas1.jpg","type":"image\/jpeg"}],"author":"Ecoterrazas.com","twitter_misc":{"Escrito por":"Ecoterrazas.com","Tiempo de lectura":"2 minutos"},"schema":{"@context":"https:\/\/schema.org","@graph":[{"@type":"Article","@id":"https:\/\/www.ecoterrazas.com\/blog\/al-mal-tiempo-mini-invernadero\/#article","isPartOf":{"@id":"https:\/\/www.ecoterrazas.com\/blog\/al-mal-tiempo-mini-invernadero\/"},"author":{"name":"Ecoterrazas.com","@id":"https:\/\/www.ecoterrazas.com\/blog\/#\/schema\/person\/1c14febe08d983bdf01edf39f9cacb5d"},"headline":"Al mal tiempo, mini-invernadero","datePublished":"2013-03-07T09:08:37+00:00","dateModified":"2020-05-13T20:59:05+00:00","mainEntityOfPage":{"@id":"https:\/\/www.ecoterrazas.com\/blog\/al-mal-tiempo-mini-invernadero\/"},"wordCount":320,"commentCount":1,"image":{"@id":"https:\/\/www.ecoterrazas.com\/blog\/al-mal-tiempo-mini-invernadero\/#primaryimage"},"thumbnailUrl":"https:\/\/www.ecoterrazas.com\/blog\/wp-content\/uploads\/Lechugas-Invernadero-Ecoterrazas1.jpg","keywords":["cultivo","huerto urbano"],"articleSection":["Huerto Urbano","Jardiner\u00eda"],"inLanguage":"es","potentialAction":[{"@type":"CommentAction","name":"Comment","target":["https:\/\/www.ecoterrazas.com\/blog\/al-mal-tiempo-mini-invernadero\/#respond"]}]},{"@type":"WebPage","@id":"https:\/\/www.ecoterrazas.com\/blog\/al-mal-tiempo-mini-invernadero\/","url":"https:\/\/www.ecoterrazas.com\/blog\/al-mal-tiempo-mini-invernadero\/","name":"Al mal tiempo, Mini-Invernadero","isPartOf":{"@id":"https:\/\/www.ecoterrazas.com\/blog\/#website"},"primaryImageOfPage":{"@id":"https:\/\/www.ecoterrazas.com\/blog\/al-mal-tiempo-mini-invernadero\/#primaryimage"},"image":{"@id":"https:\/\/www.ecoterrazas.com\/blog\/al-mal-tiempo-mini-invernadero\/#primaryimage"},"thumbnailUrl":"https:\/\/www.ecoterrazas.com\/blog\/wp-content\/uploads\/Lechugas-Invernadero-Ecoterrazas1.jpg","datePublished":"2013-03-07T09:08:37+00:00","dateModified":"2020-05-13T20:59:05+00:00","author":{"@id":"https:\/\/www.ecoterrazas.com\/blog\/#\/schema\/person\/1c14febe08d983bdf01edf39f9cacb5d"},"description":"Inicia la aventura de plantar en maceta y experimentar con vuestro peque\u00f1o huerto urbano protegi\u00e9ndolo de las inclemencias meteorol\u00f3gicas.","inLanguage":"es","potentialAction":[{"@type":"ReadAction","target":["https:\/\/www.ecoterrazas.com\/blog\/al-mal-tiempo-mini-invernadero\/"]}]},{"@type":"ImageObject","inLanguage":"es","@id":"https:\/\/www.ecoterrazas.com\/blog\/al-mal-tiempo-mini-invernadero\/#primaryimage","url":"https:\/\/www.ecoterrazas.com\/blog\/wp-content\/uploads\/Lechugas-Invernadero-Ecoterrazas1.jpg","contentUrl":"https:\/\/www.ecoterrazas.com\/blog\/wp-content\/uploads\/Lechugas-Invernadero-Ecoterrazas1.jpg","width":700,"height":465},{"@type":"WebSite","@id":"https:\/\/www.ecoterrazas.com\/blog\/#website","url":"https:\/\/www.ecoterrazas.com\/blog\/","name":"Ecoterrazas","description":"Plantas de aire y tendencias ecologicas","potentialAction":[{"@type":"SearchAction","target":{"@type":"EntryPoint","urlTemplate":"https:\/\/www.ecoterrazas.com\/blog\/?s={search_term_string}"},"query-input":{"@type":"PropertyValueSpecification","valueRequired":true,"valueName":"search_term_string"}}],"inLanguage":"es"},{"@type":"Person","@id":"https:\/\/www.ecoterrazas.com\/blog\/#\/schema\/person\/1c14febe08d983bdf01edf39f9cacb5d","name":"Ecoterrazas.com","sameAs":["https:\/\/www.ecoterrazas.com"],"url":"https:\/\/www.ecoterrazas.com\/blog\/author\/ecoterra\/"}]}},"jetpack_publicize_connections":[],"jetpack_featured_media_url":"https:\/\/www.ecoterrazas.com\/blog\/wp-content\/uploads\/Lechugas-Invernadero-Ecoterrazas1.jpg","jetpack_sharing_enabled":true,"jetpack_shortlink":"https:\/\/wp.me\/p2RF8Q-lz","_links":{"self":[{"href":"https:\/\/www.ecoterrazas.com\/blog\/wp-json\/wp\/v2\/posts\/1337","targetHints":{"allow":["GET"]}}],"collection":[{"href":"https:\/\/www.ecoterrazas.com\/blog\/wp-json\/wp\/v2\/posts"}],"about":[{"href":"https:\/\/www.ecoterrazas.com\/blog\/wp-json\/wp\/v2\/types\/post"}],"author":[{"embeddable":true,"href":"https:\/\/www.ecoterrazas.com\/blog\/wp-json\/wp\/v2\/users\/1"}],"replies":[{"embeddable":true,"href":"https:\/\/www.ecoterrazas.com\/blog\/wp-json\/wp\/v2\/comments?post=1337"}],"version-history":[{"count":1,"href":"https:\/\/www.ecoterrazas.com\/blog\/wp-json\/wp\/v2\/posts\/1337\/revisions"}],"predecessor-version":[{"id":2901,"href":"https:\/\/www.ecoterrazas.com\/blog\/wp-json\/wp\/v2\/posts\/1337\/revisions\/2901"}],"wp:featuredmedia":[{"embeddable":true,"href":"https:\/\/www.ecoterrazas.com\/blog\/wp-json\/wp\/v2\/media\/1350"}],"wp:attachment":[{"href":"https:\/\/www.ecoterrazas.com\/blog\/wp-json\/wp\/v2\/media?parent=1337"}],"wp:term":[{"taxonomy":"category","embeddable":true,"href":"https:\/\/www.ecoterrazas.com\/blog\/wp-json\/wp\/v2\/categories?post=1337"},{"taxonomy":"post_tag","embeddable":true,"href":"https:\/\/www.ecoterrazas.com\/blog\/wp-json\/wp\/v2\/tags?post=1337"}],"curies":[{"name":"wp","href":"https:\/\/api.w.org\/{rel}","templated":true}]}}