{"id":1791,"date":"2013-06-26T01:22:39","date_gmt":"2013-06-26T01:22:39","guid":{"rendered":"https:\/\/www.ecoterrazas.com\/blog\/?p=1791"},"modified":"2021-03-02T09:12:53","modified_gmt":"2021-03-02T09:12:53","slug":"cuadros-vivos-de-suculentas","status":"publish","type":"post","link":"https:\/\/www.ecoterrazas.com\/blog\/cuadros-vivos-de-suculentas\/","title":{"rendered":"Cuadros vivos de suculentas"},"content":{"rendered":"<p style=\"text-align: justify\">Siempre que pensamos en un jard\u00edn, nos evoca a espacios abiertos al aire libre, donde podemos disfrutar del exterior con el buen tiempo siempre acompa\u00f1ados de plantas, \u00e1rboles y flores. No obstante todos sabemos que existen plantas de interior, que crecen perfectamente en nuestras casa. La plantas necesitan todas las mismas cosas, luz, agua, nutrientes y un medio que les permita desarrollar sus raices. Si tenemos todos estos factores podremos conseguir mejorar el interior o exterior de nuestras viviendas mediante el montaje de jardines verticales.<\/p>\n<p style=\"text-align: justify\">\u00bfTiene un patio aburrido o un trite muro en tu terraza, balc\u00f3n o\u00a0 jard\u00edn? , \u00bfEst\u00e1 buscando una manera de a\u00f1adir un poco de color e inter\u00e9s a la pared? Si es as\u00ed,\u00a0 puedes revivir ese espaci\u00f3 vertical con la creaci\u00f3n de una obra de arte colorida viva<em>.<\/em> Si bien en art\u00edculos anteriores os introducimos al mundo de la jardineria vertical, en este art\u00edculo os planteamos una soluci\u00f3n muy buena para principiantes e incluso\u00a0 para personas que no puedan dedicarle mucho tiempo a las plantas.Ya que son los jardines verticales menos exigentes.<\/p>\n Las plantas pueden ser todo un arte\n<p style=\"text-align: justify\">En este art\u00edculo hablaremos de\u00a0paredes o cuadros vivos o verdes, que son muy aptos para la zonas mediterr\u00e1neas ya que precisan de buena iluminaci\u00f3n, incluso insolaci\u00f3n y precisan de moderados riegos, se trata de los jardines verticales realizados con suculentas.<\/p>\n<figure style=\"width: 576px\" class=\"wp-caption aligncenter\"><img loading=\"lazy\" decoding=\"async\" class=\"  \" alt=\"\" src=\"http:\/\/4.bp.blogspot.com\/_-yWNMWcLo-Q\/S79NbHNCgJI\/AAAAAAAAFkc\/f3NVIme-t9c\/s1600\/succulents+matilda+mae.jpg\" width=\"576\" height=\"323\" \/><figcaption class=\"wp-caption-text\">Las suculentas tienen hojas adaptas para soportar la sequedad ambiental.<\/figcaption><\/figure>\n<p style=\"text-align: justify\">Las suculentas son el grupo de plantas m\u00e1s adaptados a las condiciones de aridez, tienen la capacidad de almacenar agua en su interior y tienen un metabolismo espec\u00edfico que les permite aprovechar mejor los recursos ambientales, son t\u00edpicas de zonas \u00e1ridas, secas e incluso desiertos. A estas plantas se les denomina tambi\u00e9n como plantas crasas, puesto que muchas tienen pelitos que las protegen de la deshidrataci\u00f3n y del sol extremo.<\/p>\n<figure style=\"width: 500px\" class=\"wp-caption aligncenter\"><img loading=\"lazy\" decoding=\"async\" alt=\"\" src=\"http:\/\/25.media.tumblr.com\/tumblr_lohwatXl471qg4fjro1_500.jpg\" width=\"500\" height=\"352\" \/><figcaption class=\"wp-caption-text\">Las plantas suculentas tienen mil formas y colores<\/figcaption><\/figure>\n<p style=\"text-align: justify\">Las suculentas son una excelente opci\u00f3n,\u00a0 para un jard\u00edn vertical veraniego. Se trata de especies que son abundantes, que crecen lentamente y vienen en una variedad de colores, tama\u00f1os y texturas muy grande por lo que se pueden lograr acabados de composici\u00f3n muy buenos. Combinando varias variedades de estas plantas para crear un jard\u00edn vertical podremos, gracias a su variedad de texturas y colores, crear un punto focal de\u00a0 inter\u00e9s instant\u00e1neo en un espacio determinado, puesto que los acabados son muy bonitos, llamativos y vistosos.<\/p>\n<figure style=\"width: 570px\" class=\"wp-caption aligncenter\"><img loading=\"lazy\" decoding=\"async\" alt=\"\" src=\"http:\/\/www.livingwallart.com\/wp-content\/uploads\/il_570xN.317515917.jpg\" width=\"570\" height=\"570\" \/><figcaption class=\"wp-caption-text\">Magn\u00edfica composici\u00f3n<\/figcaption><\/figure>\n<p style=\"text-align: justify\"><strong>Consideraciones al respecto de la luz.<br \/>\n<\/strong><\/p>\n<p style=\"text-align: justify\">Cuando se trata\u00a0 jardines de suculentas, deben ser mostrados en\u00a0 espacios que reciben una gran cantidad de sol. Como mencionamos las suculentas requieren pleno sol\u00a0 para prosperar. Esto significa que el espacio donde colgar el jard\u00edn vertical debe recibir un m\u00ednimo de seis horas de sol directo. Estas plantas sobrevivir\u00e1n en \u00e1reas que reciben un poco menos luz del sol, pero no van a tener un correcto desarrollo.<\/p>\n<figure style=\"width: 368px\" class=\"wp-caption aligncenter\"><img loading=\"lazy\" decoding=\"async\" class=\" \" alt=\"\" src=\"http:\/\/lh5.ggpht.com\/luirig\/R5r1TZTdORI\/AAAAAAAACDU\/s2EYKQFw07c\/s800\/sedum_sediforme_5.jpg\" width=\"368\" height=\"480\" \/><figcaption class=\"wp-caption-text\">El Sedum es un g\u00e9nero muy utilizado en estas composiciones, es muy t\u00edpico en las monta\u00f1as mediterr\u00e1neas.<\/figcaption><\/figure>\n<p style=\"text-align: justify\"><strong>Consideraciones al respecto al sutrato.<br \/>\n<\/strong><\/p>\n<p style=\"text-align: justify\">Las suculentas requieren suelos arenosos, sueltos y bien aireados con muy buen drenaje. Sustratos apelmazados o\u00a0 encharcados matar\u00e1n a estas variedades. Aunque son muy adaptables a casi cualquier tipo de terreno, aseg\u00farate de que nunca acumulen agua. Las fr\u00e1giles ra\u00edces de esta planta pueden ahogarse f\u00e1cilmente.<\/p>\n<p style=\"text-align: justify\"><strong>Consideraciones al respecto del riego.<br \/>\n<\/strong><\/p>\n<p style=\"text-align: justify\">Al igual que\u00a0 todas las plantas, el jard\u00edn vertical de suculentas requerir\u00e1 riego regular, no obstante la ventaja es que son plantas que pueden resistir peque\u00f1os fallos por parte del cuidador, reponiendose con mayor facilidad. Estas plantas deben regarse cuando se acercan a la sequedad, que es m\u00e1s o menos cada 7 d\u00edas m\u00e1s o menos, pero siempre depender\u00e1s las condiciones del lugar. Con el fin de determinar si las plantas se acercan a la sequedad, se puede usar el m\u00e9todo del dedo para sentir la tierra o sustrato. Si se siente\u00a0 seco, las plantas necesitar\u00e1n riego. Estos jardines precisan de buenos drenajes y no soportan riegos excesivos<\/p>\n<p style=\"text-align: justify\">Este tipo de jardines verticales se adapta a las composiciones con marcos, de manera que se logran aut\u00e9nticas obras de arte vivo, es as\u00ed que estas composiciones dentro del mundo de la jardiner\u00eda vertical se denominan \u00ab<strong><em>Cuadros Vivos<\/em><\/strong>\u00ab. Los marcos suelen venderse preensamblados o pueden realizarse seg\u00fan las necesidades del cliente, as\u00ed en ecoterrazas podemos adaptarnos a la creaci\u00f3n de los marcos en las formas, medidas y acabados materiales que el cliente desee.<\/p>\n<figure style=\"width: 640px\" class=\"wp-caption aligncenter\"><img loading=\"lazy\" decoding=\"async\" alt=\"\" src=\"http:\/\/www.livingwallart.com\/wp-content\/uploads\/untitled_C_pia_1_.jpg\" width=\"640\" height=\"419\" \/><figcaption class=\"wp-caption-text\">Cuadro vivo en la terraza de un restaurante<\/figcaption><\/figure>\n<p style=\"text-align: justify\"><strong>Puedo disfrutar de uno de estos jardines en mi casa?<\/strong><\/p>\n<p style=\"text-align: justify\">S\u00ed, en <a href=\"https:\/\/www.ecoterrazas.com\/\">Ecoterrazas<\/a> somo especialistas en jardineria vertical. El montaje y composici\u00f3n, se realiza por parte del equipo t\u00e9cnico-art\u00edstico de ecoterrazas, mediante un croquis previo, a la par, se realiza un anal\u00edsis pormenorizado de las condiciones del emplazamiento, que asegure la correcta elecci\u00f3n de las variedades y que a su vez garantice el cumplimiento de los objetivos que el cliente requiere para la composici\u00f3n.<\/p>\n<p style=\"text-align: justify\">El proceso de instauraci\u00f3n de un jard\u00edn puede llegar a ser casi inmediato puesto que la previsi\u00f3n de material vegetal se realiza con antelaci\u00f3n y como se ha citado, la configuraci\u00f3n es preestablecida, no obstante puede sufrir peque\u00f1os ajustes compositivos seg\u00fan criterio.<\/p>\n<p style=\"text-align: justify\">Si te apetece un jard\u00edn de suculentas, no importa el tama\u00f1o o el acabado, te garantizamos que tenemos soluciones para cada cliente. Un cuadro vivo de suculentas, estamos 100% seguros de que a\u00f1ade inter\u00e9s inmediato y vida al espacio que ocupa. Con poco mantenimiento, estos jardines son un complemento ideal para su espacio al aire libre.<\/p>\n","protected":false},"excerpt":{"rendered":"<p>Siempre que pensamos en un jard\u00edn, nos evoca a espacios abiertos al aire libre, donde podemos disfrutar del exterior con el buen tiempo siempre acompa\u00f1ados de plantas, \u00e1rboles y flores. No obstante todos sabemos que existen plantas de interior, que crecen perfectamente en nuestras casa. La plantas necesitan todas las mismas cosas, luz, agua, nutrientes &hellip;<\/p>\n","protected":false},"author":1,"featured_media":1792,"comment_status":"open","ping_status":"open","sticky":false,"template":"","format":"standard","meta":{"jetpack_post_was_ever_published":false,"_jetpack_newsletter_access":"","_jetpack_dont_email_post_to_subs":false,"_jetpack_newsletter_tier_id":0,"_jetpack_memberships_contains_paywalled_content":false,"_jetpack_memberships_contains_paid_content":false,"footnotes":"","jetpack_publicize_message":"","jetpack_publicize_feature_enabled":true,"jetpack_social_post_already_shared":false,"jetpack_social_options":{"image_generator_settings":{"template":"highway","default_image_id":0,"font":"","enabled":false},"version":2}},"categories":[47],"tags":[104],"class_list":["post-1791","post","type-post","status-publish","format-standard","has-post-thumbnail","","category-jardin-vertical","tag-jardines-xericos"],"yoast_head":"<!-- This site is optimized with the Yoast SEO plugin v27.5 - https:\/\/yoast.com\/product\/yoast-seo-wordpress\/ -->\n<title>Cuadros vivos de suculentas<\/title>\n<meta name=\"description\" content=\"Cuadros vivos de suculentas. Excelente opci\u00f3n, para jard\u00edn vertical. Muy abundantes, crecen lentamente, en una variedad de colores y texturas muy grande\" \/>\n<meta name=\"robots\" content=\"index, follow, max-snippet:-1, max-image-preview:large, max-video-preview:-1\" \/>\n<link rel=\"canonical\" href=\"https:\/\/www.ecoterrazas.com\/blog\/cuadros-vivos-de-suculentas\/\" \/>\n<meta property=\"og:locale\" content=\"es_ES\" \/>\n<meta property=\"og:type\" content=\"article\" \/>\n<meta property=\"og:title\" content=\"Cuadros vivos de suculentas\" \/>\n<meta property=\"og:description\" content=\"Cuadros vivos de suculentas. Excelente opci\u00f3n, para jard\u00edn vertical. Muy abundantes, crecen lentamente, en una variedad de colores y texturas muy grande\" \/>\n<meta property=\"og:url\" content=\"https:\/\/www.ecoterrazas.com\/blog\/cuadros-vivos-de-suculentas\/\" \/>\n<meta property=\"og:site_name\" content=\"Ecoterrazas\" \/>\n<meta property=\"article:published_time\" content=\"2013-06-26T01:22:39+00:00\" \/>\n<meta property=\"article:modified_time\" content=\"2021-03-02T09:12:53+00:00\" \/>\n<meta property=\"og:image\" content=\"https:\/\/www.ecoterrazas.com\/blog\/wp-content\/uploads\/cuadro.jpg\" \/>\n\t<meta property=\"og:image:width\" content=\"570\" \/>\n\t<meta property=\"og:image:height\" content=\"570\" \/>\n\t<meta property=\"og:image:type\" content=\"image\/jpeg\" \/>\n<meta name=\"author\" content=\"Ecoterrazas.com\" \/>\n<meta name=\"twitter:label1\" content=\"Escrito por\" \/>\n\t<meta name=\"twitter:data1\" content=\"Ecoterrazas.com\" \/>\n\t<meta name=\"twitter:label2\" content=\"Tiempo de lectura\" \/>\n\t<meta name=\"twitter:data2\" content=\"5 minutos\" \/>\n<script type=\"application\/ld+json\" class=\"yoast-schema-graph\">{\"@context\":\"https:\\\/\\\/schema.org\",\"@graph\":[{\"@type\":\"Article\",\"@id\":\"https:\\\/\\\/www.ecoterrazas.com\\\/blog\\\/cuadros-vivos-de-suculentas\\\/#article\",\"isPartOf\":{\"@id\":\"https:\\\/\\\/www.ecoterrazas.com\\\/blog\\\/cuadros-vivos-de-suculentas\\\/\"},\"author\":{\"name\":\"Ecoterrazas.com\",\"@id\":\"https:\\\/\\\/www.ecoterrazas.com\\\/blog\\\/#\\\/schema\\\/person\\\/1c14febe08d983bdf01edf39f9cacb5d\"},\"headline\":\"Cuadros vivos de suculentas\",\"datePublished\":\"2013-06-26T01:22:39+00:00\",\"dateModified\":\"2021-03-02T09:12:53+00:00\",\"mainEntityOfPage\":{\"@id\":\"https:\\\/\\\/www.ecoterrazas.com\\\/blog\\\/cuadros-vivos-de-suculentas\\\/\"},\"wordCount\":1015,\"commentCount\":48,\"image\":{\"@id\":\"https:\\\/\\\/www.ecoterrazas.com\\\/blog\\\/cuadros-vivos-de-suculentas\\\/#primaryimage\"},\"thumbnailUrl\":\"https:\\\/\\\/www.ecoterrazas.com\\\/blog\\\/wp-content\\\/uploads\\\/cuadro.jpg\",\"keywords\":[\"Jardines x\u00e9ricos\"],\"articleSection\":[\"Jard\u00edn Vertical\"],\"inLanguage\":\"es\",\"potentialAction\":[{\"@type\":\"CommentAction\",\"name\":\"Comment\",\"target\":[\"https:\\\/\\\/www.ecoterrazas.com\\\/blog\\\/cuadros-vivos-de-suculentas\\\/#respond\"]}]},{\"@type\":\"WebPage\",\"@id\":\"https:\\\/\\\/www.ecoterrazas.com\\\/blog\\\/cuadros-vivos-de-suculentas\\\/\",\"url\":\"https:\\\/\\\/www.ecoterrazas.com\\\/blog\\\/cuadros-vivos-de-suculentas\\\/\",\"name\":\"Cuadros vivos de suculentas\",\"isPartOf\":{\"@id\":\"https:\\\/\\\/www.ecoterrazas.com\\\/blog\\\/#website\"},\"primaryImageOfPage\":{\"@id\":\"https:\\\/\\\/www.ecoterrazas.com\\\/blog\\\/cuadros-vivos-de-suculentas\\\/#primaryimage\"},\"image\":{\"@id\":\"https:\\\/\\\/www.ecoterrazas.com\\\/blog\\\/cuadros-vivos-de-suculentas\\\/#primaryimage\"},\"thumbnailUrl\":\"https:\\\/\\\/www.ecoterrazas.com\\\/blog\\\/wp-content\\\/uploads\\\/cuadro.jpg\",\"datePublished\":\"2013-06-26T01:22:39+00:00\",\"dateModified\":\"2021-03-02T09:12:53+00:00\",\"author\":{\"@id\":\"https:\\\/\\\/www.ecoterrazas.com\\\/blog\\\/#\\\/schema\\\/person\\\/1c14febe08d983bdf01edf39f9cacb5d\"},\"description\":\"Cuadros vivos de suculentas. Excelente opci\u00f3n, para jard\u00edn vertical. Muy abundantes, crecen lentamente, en una variedad de colores y texturas muy grande\",\"inLanguage\":\"es\",\"potentialAction\":[{\"@type\":\"ReadAction\",\"target\":[\"https:\\\/\\\/www.ecoterrazas.com\\\/blog\\\/cuadros-vivos-de-suculentas\\\/\"]}]},{\"@type\":\"ImageObject\",\"inLanguage\":\"es\",\"@id\":\"https:\\\/\\\/www.ecoterrazas.com\\\/blog\\\/cuadros-vivos-de-suculentas\\\/#primaryimage\",\"url\":\"https:\\\/\\\/www.ecoterrazas.com\\\/blog\\\/wp-content\\\/uploads\\\/cuadro.jpg\",\"contentUrl\":\"https:\\\/\\\/www.ecoterrazas.com\\\/blog\\\/wp-content\\\/uploads\\\/cuadro.jpg\",\"width\":570,\"height\":570},{\"@type\":\"WebSite\",\"@id\":\"https:\\\/\\\/www.ecoterrazas.com\\\/blog\\\/#website\",\"url\":\"https:\\\/\\\/www.ecoterrazas.com\\\/blog\\\/\",\"name\":\"Ecoterrazas\",\"description\":\"Plantas de aire y tendencias ecologicas\",\"potentialAction\":[{\"@type\":\"SearchAction\",\"target\":{\"@type\":\"EntryPoint\",\"urlTemplate\":\"https:\\\/\\\/www.ecoterrazas.com\\\/blog\\\/?s={search_term_string}\"},\"query-input\":{\"@type\":\"PropertyValueSpecification\",\"valueRequired\":true,\"valueName\":\"search_term_string\"}}],\"inLanguage\":\"es\"},{\"@type\":\"Person\",\"@id\":\"https:\\\/\\\/www.ecoterrazas.com\\\/blog\\\/#\\\/schema\\\/person\\\/1c14febe08d983bdf01edf39f9cacb5d\",\"name\":\"Ecoterrazas.com\",\"sameAs\":[\"https:\\\/\\\/www.ecoterrazas.com\"],\"url\":\"https:\\\/\\\/www.ecoterrazas.com\\\/blog\\\/author\\\/ecoterra\\\/\"}]}<\/script>\n<!-- \/ Yoast SEO plugin. -->","yoast_head_json":{"title":"Cuadros vivos de suculentas","description":"Cuadros vivos de suculentas. Excelente opci\u00f3n, para jard\u00edn vertical. Muy abundantes, crecen lentamente, en una variedad de colores y texturas muy grande","robots":{"index":"index","follow":"follow","max-snippet":"max-snippet:-1","max-image-preview":"max-image-preview:large","max-video-preview":"max-video-preview:-1"},"canonical":"https:\/\/www.ecoterrazas.com\/blog\/cuadros-vivos-de-suculentas\/","og_locale":"es_ES","og_type":"article","og_title":"Cuadros vivos de suculentas","og_description":"Cuadros vivos de suculentas. Excelente opci\u00f3n, para jard\u00edn vertical. Muy abundantes, crecen lentamente, en una variedad de colores y texturas muy grande","og_url":"https:\/\/www.ecoterrazas.com\/blog\/cuadros-vivos-de-suculentas\/","og_site_name":"Ecoterrazas","article_published_time":"2013-06-26T01:22:39+00:00","article_modified_time":"2021-03-02T09:12:53+00:00","og_image":[{"width":570,"height":570,"url":"https:\/\/www.ecoterrazas.com\/blog\/wp-content\/uploads\/cuadro.jpg","type":"image\/jpeg"}],"author":"Ecoterrazas.com","twitter_misc":{"Escrito por":"Ecoterrazas.com","Tiempo de lectura":"5 minutos"},"schema":{"@context":"https:\/\/schema.org","@graph":[{"@type":"Article","@id":"https:\/\/www.ecoterrazas.com\/blog\/cuadros-vivos-de-suculentas\/#article","isPartOf":{"@id":"https:\/\/www.ecoterrazas.com\/blog\/cuadros-vivos-de-suculentas\/"},"author":{"name":"Ecoterrazas.com","@id":"https:\/\/www.ecoterrazas.com\/blog\/#\/schema\/person\/1c14febe08d983bdf01edf39f9cacb5d"},"headline":"Cuadros vivos de suculentas","datePublished":"2013-06-26T01:22:39+00:00","dateModified":"2021-03-02T09:12:53+00:00","mainEntityOfPage":{"@id":"https:\/\/www.ecoterrazas.com\/blog\/cuadros-vivos-de-suculentas\/"},"wordCount":1015,"commentCount":48,"image":{"@id":"https:\/\/www.ecoterrazas.com\/blog\/cuadros-vivos-de-suculentas\/#primaryimage"},"thumbnailUrl":"https:\/\/www.ecoterrazas.com\/blog\/wp-content\/uploads\/cuadro.jpg","keywords":["Jardines x\u00e9ricos"],"articleSection":["Jard\u00edn Vertical"],"inLanguage":"es","potentialAction":[{"@type":"CommentAction","name":"Comment","target":["https:\/\/www.ecoterrazas.com\/blog\/cuadros-vivos-de-suculentas\/#respond"]}]},{"@type":"WebPage","@id":"https:\/\/www.ecoterrazas.com\/blog\/cuadros-vivos-de-suculentas\/","url":"https:\/\/www.ecoterrazas.com\/blog\/cuadros-vivos-de-suculentas\/","name":"Cuadros vivos de suculentas","isPartOf":{"@id":"https:\/\/www.ecoterrazas.com\/blog\/#website"},"primaryImageOfPage":{"@id":"https:\/\/www.ecoterrazas.com\/blog\/cuadros-vivos-de-suculentas\/#primaryimage"},"image":{"@id":"https:\/\/www.ecoterrazas.com\/blog\/cuadros-vivos-de-suculentas\/#primaryimage"},"thumbnailUrl":"https:\/\/www.ecoterrazas.com\/blog\/wp-content\/uploads\/cuadro.jpg","datePublished":"2013-06-26T01:22:39+00:00","dateModified":"2021-03-02T09:12:53+00:00","author":{"@id":"https:\/\/www.ecoterrazas.com\/blog\/#\/schema\/person\/1c14febe08d983bdf01edf39f9cacb5d"},"description":"Cuadros vivos de suculentas. Excelente opci\u00f3n, para jard\u00edn vertical. Muy abundantes, crecen lentamente, en una variedad de colores y texturas muy grande","inLanguage":"es","potentialAction":[{"@type":"ReadAction","target":["https:\/\/www.ecoterrazas.com\/blog\/cuadros-vivos-de-suculentas\/"]}]},{"@type":"ImageObject","inLanguage":"es","@id":"https:\/\/www.ecoterrazas.com\/blog\/cuadros-vivos-de-suculentas\/#primaryimage","url":"https:\/\/www.ecoterrazas.com\/blog\/wp-content\/uploads\/cuadro.jpg","contentUrl":"https:\/\/www.ecoterrazas.com\/blog\/wp-content\/uploads\/cuadro.jpg","width":570,"height":570},{"@type":"WebSite","@id":"https:\/\/www.ecoterrazas.com\/blog\/#website","url":"https:\/\/www.ecoterrazas.com\/blog\/","name":"Ecoterrazas","description":"Plantas de aire y tendencias ecologicas","potentialAction":[{"@type":"SearchAction","target":{"@type":"EntryPoint","urlTemplate":"https:\/\/www.ecoterrazas.com\/blog\/?s={search_term_string}"},"query-input":{"@type":"PropertyValueSpecification","valueRequired":true,"valueName":"search_term_string"}}],"inLanguage":"es"},{"@type":"Person","@id":"https:\/\/www.ecoterrazas.com\/blog\/#\/schema\/person\/1c14febe08d983bdf01edf39f9cacb5d","name":"Ecoterrazas.com","sameAs":["https:\/\/www.ecoterrazas.com"],"url":"https:\/\/www.ecoterrazas.com\/blog\/author\/ecoterra\/"}]}},"jetpack_publicize_connections":[],"jetpack_featured_media_url":"https:\/\/www.ecoterrazas.com\/blog\/wp-content\/uploads\/cuadro.jpg","jetpack_sharing_enabled":true,"jetpack_shortlink":"https:\/\/wp.me\/p2RF8Q-sT","_links":{"self":[{"href":"https:\/\/www.ecoterrazas.com\/blog\/wp-json\/wp\/v2\/posts\/1791","targetHints":{"allow":["GET"]}}],"collection":[{"href":"https:\/\/www.ecoterrazas.com\/blog\/wp-json\/wp\/v2\/posts"}],"about":[{"href":"https:\/\/www.ecoterrazas.com\/blog\/wp-json\/wp\/v2\/types\/post"}],"author":[{"embeddable":true,"href":"https:\/\/www.ecoterrazas.com\/blog\/wp-json\/wp\/v2\/users\/1"}],"replies":[{"embeddable":true,"href":"https:\/\/www.ecoterrazas.com\/blog\/wp-json\/wp\/v2\/comments?post=1791"}],"version-history":[{"count":1,"href":"https:\/\/www.ecoterrazas.com\/blog\/wp-json\/wp\/v2\/posts\/1791\/revisions"}],"predecessor-version":[{"id":2941,"href":"https:\/\/www.ecoterrazas.com\/blog\/wp-json\/wp\/v2\/posts\/1791\/revisions\/2941"}],"wp:featuredmedia":[{"embeddable":true,"href":"https:\/\/www.ecoterrazas.com\/blog\/wp-json\/wp\/v2\/media\/1792"}],"wp:attachment":[{"href":"https:\/\/www.ecoterrazas.com\/blog\/wp-json\/wp\/v2\/media?parent=1791"}],"wp:term":[{"taxonomy":"category","embeddable":true,"href":"https:\/\/www.ecoterrazas.com\/blog\/wp-json\/wp\/v2\/categories?post=1791"},{"taxonomy":"post_tag","embeddable":true,"href":"https:\/\/www.ecoterrazas.com\/blog\/wp-json\/wp\/v2\/tags?post=1791"}],"curies":[{"name":"wp","href":"https:\/\/api.w.org\/{rel}","templated":true}]}}