{"id":2050,"date":"2013-11-18T17:32:26","date_gmt":"2013-11-18T17:32:26","guid":{"rendered":"https:\/\/www.ecoterrazas.com\/blog\/?p=2050"},"modified":"2020-05-13T20:59:05","modified_gmt":"2020-05-13T20:59:05","slug":"prepara-tu-jardin-para-el-invierno","status":"publish","type":"post","link":"https:\/\/www.ecoterrazas.com\/blog\/prepara-tu-jardin-para-el-invierno\/","title":{"rendered":"Prepara tu jard\u00edn para el invierno"},"content":{"rendered":"<p align=\"JUSTIFY\">El mal caracter\u00edstico de la estaci\u00f3n invernal, la helada, ocurre cuando el fr\u00edo muy intenso congela el agua contenida a nivel intracelular en las hojas. El hielo ocupa mayor espacio que el agua l\u00edquida y rompe las paredes de las c\u00e9lulas. Cuando sale el sol, el derretimiento provoca que estas c\u00e9lulas se deshidraten y mueran, y con ellas muchas veces la planta aparece quemada.<\/p>\n<p style=\"text-align: left;\" align=\"JUSTIFY\"><span style=\"color: #000000;\"><span style=\"font-family: Berlin Sans FB,sans-serif;\"><span style=\"font-size: large;\"><a href=\"https:\/\/www.ecoterrazas.com\/blog\/wp-content\/uploads\/portada21.jpg\"><img loading=\"lazy\" decoding=\"async\" class=\"wp-image-2053 alignnone\" src=\"https:\/\/www.ecoterrazas.com\/blog\/wp-content\/uploads\/portada21-300x225.jpg\" alt=\"portada2\" width=\"210\" height=\"158\" srcset=\"https:\/\/www.ecoterrazas.com\/blog\/wp-content\/uploads\/portada21-300x225.jpg 300w, https:\/\/www.ecoterrazas.com\/blog\/wp-content\/uploads\/portada21.jpg 412w\" sizes=\"auto, (max-width: 210px) 100vw, 210px\" \/><\/a><\/span><\/span><\/span><\/p>\n<p style=\"text-align: left;\" align=\"JUSTIFY\">Basta que haya menos de 10\u00b0C para que los c\u00edtricos, chirimoyos y aguacateros no puedan ser polinizados. Y del mismo modo que pasa con el agua, la savia de estas plantas -no nativas- se congela al interior de las mismas. Otras especies muy sensibles a las heladas son: fucsia, alcanforero, l\u00facumo, aralia gigante, hibisco, floripondio, coprosma y banano. A continuaci\u00f3n algunos consejos y medidas que proteger\u00e1n su jard\u00edn durante los duros fr\u00edos del invierno.<\/p>\n<ol>\n<li>\n<h2 align=\"JUSTIFY\">CUIDANDO EL DISE\u00d1O DE SU JARD\u00cdN<\/h2>\n<\/li>\n<\/ol>\n<p align=\"JUSTIFY\">\u2022 Evitar plantar <a href=\"https:\/\/www.ecoterrazas.com\/es\/62-huerto-urbano\">especies<\/a> sensibles en terrenos planos, donde las heladas se mantienen mayor tiempo, efecto que se debe a que el aire caliente tiende a subir, mientras el aire fr\u00edo es m\u00e1s pesado. Algunas especies muy sensibles a las heladas son: fucsia, alcanforero, l\u00facumo, aralia gigante, hibisco, floripondio, coprosma y banano.<\/p>\n<p align=\"JUSTIFY\">\u2022 Las plantas ubicadas en pendiente resienten menos las temperaturas bajas extremas.<\/p>\n<p align=\"JUSTIFY\">\u2022 A varias especies las afecta el fr\u00edo, incluso si la temperatura no baja de 0\u00b0C, el punto de congelamiento del agua.<\/p>\n<p align=\"JUSTIFY\">\u2022 Basta que haya menos de 10\u00b0C para que los c\u00edtricos, chirimoyos y aguacates, no puedan ser polinizados. Y del mismo modo que pasa con el agua, la savia de estas plantas -no nativas- se congela al interior de las mismas.<\/p>\n<p align=\"JUSTIFY\"><a href=\"https:\/\/www.ecoterrazas.com\/blog\/wp-content\/uploads\/portada21.jpg\"><img loading=\"lazy\" decoding=\"async\" src=\"https:\/\/www.ecoterrazas.com\/blog\/wp-content\/uploads\/portada21-300x225.jpg\" alt=\"portada2\" width=\"180\" height=\"135\" \/><\/a><\/p>\n<ol start=\"2\">\n<li>\n<h2 align=\"JUSTIFY\">REALIZANDO UN BUEN RIEGO<\/h2>\n<\/li>\n<\/ol>\n<p align=\"JUSTIFY\">\u2022 El nivel de drenaje del suelo es fundamental para evitar que la tierra retenga las lluvias y riegos. La filtraci\u00f3n y eventual congelamiento del agua bajo la superficie, causa mayores estragos en las plantas que la sola helada nocturna. Tener esto en cuenta sobre todo con los cultivos de rocalla, <a href=\"https:\/\/www.ecoterrazas.com\/es\/62-huerto-urbano\">maceteros<\/a>, jardineras, y en los terrenos hacia donde bajan las pendientes.<\/p>\n<p align=\"JUSTIFY\">\u2022 Durante el invierno evitar regar las plantas durante mucho rato. La frecuencia y volumen de riego se debe disminuir desde fines del verano, claro que de modo progresivo.<\/p>\n<p align=\"JUSTIFY\">\u2022 Dos consejos para cuidar las plantas de interior que sufren falta de ox\u00edgeno y sequedad por la calefacci\u00f3n: riego m\u00ednimo o nulo, y en cambio aspersi\u00f3n sobre el follaje para propiciar mayor humedad ambiental. Adem\u00e1s, sacar un poco de la tierra m\u00e1s superficial y en su lugar depositar turba h\u00fameda con ripio grueso previamente lavado.<\/p>\n<p align=\"JUSTIFY\">\u00a0<a href=\"https:\/\/www.ecoterrazas.com\/blog\/wp-content\/uploads\/Plantas-contra-la-humedad.jpg\"><img loading=\"lazy\" decoding=\"async\" class=\"aligncenter size-medium wp-image-2061\" src=\"https:\/\/www.ecoterrazas.com\/blog\/wp-content\/uploads\/Plantas-contra-la-humedad-300x173.jpg\" alt=\"Plantas-contra-la-humedad\" width=\"300\" height=\"173\" srcset=\"https:\/\/www.ecoterrazas.com\/blog\/wp-content\/uploads\/Plantas-contra-la-humedad-300x173.jpg 300w, https:\/\/www.ecoterrazas.com\/blog\/wp-content\/uploads\/Plantas-contra-la-humedad.jpg 656w\" sizes=\"auto, (max-width: 300px) 100vw, 300px\" \/><\/a><\/p>\n<ol start=\"3\">\n<li>\n<h2 align=\"JUSTIFY\">CUIDADOS INVERNALES A TENER EN CUENTA<\/h2>\n<\/li>\n<\/ol>\n<p align=\"JUSTIFY\">\u2022 <a href=\"https:\/\/www.ecoterrazas.com\/blog\/wp-content\/uploads\/ca\u00f1izo.jpg\"><img loading=\"lazy\" decoding=\"async\" class=\"alignright\" src=\"https:\/\/www.ecoterrazas.com\/blog\/wp-content\/uploads\/ca\u00f1izo-300x180.jpg\" alt=\"ca\u00f1izo\" width=\"210\" height=\"126\" \/><\/a>Envolver las plantas de tallos verdes con una cubierta de arpillera o ca\u00f1izo, especialmente el extremo de sus ramas. Tomar esta precauci\u00f3n especialmente con: gomero, palo borracho, ceibo enano; o con la jacarand\u00e1, el omb\u00fa y la bahuinia en su etapa juvenil.<\/p>\n<p align=\"JUSTIFY\">\u2022 Frutales y otras especies \u2014j\u00f3venes\u2014 como el aguacatero, el c\u00edtrico, el alcanforero y el magnolio de hoja, proteger con una cubierta de totora, de modo que la escarcha no destruya los puntos de crecimiento.<\/p>\n<p align=\"JUSTIFY\">\u2022 Cubrir los plantones con una carpa de pl\u00e1stico.<\/p>\n<p align=\"JUSTIFY\">\u2022 <a href=\"https:\/\/www.ecoterrazas.com\/blog\/wp-content\/uploads\/Acolchado-t\u00e9cnica-de-jardiner\u00eda.jpg\"><img loading=\"lazy\" decoding=\"async\" class=\"alignright\" src=\"https:\/\/www.ecoterrazas.com\/blog\/wp-content\/uploads\/Acolchado-t\u00e9cnica-de-jardiner\u00eda-300x190.jpg\" alt=\"Acolchado-t\u00e9cnica-de-jardiner\u00eda\" width=\"210\" height=\"133\" \/><\/a>Proteger las especies reci\u00e9n plantadas realizando un \u201cacolchamiento\u201d con <a href=\"https:\/\/www.ecoterrazas.com\/es\/62-huerto-urbano\">guano y tierra<\/a> de hoja alrededor de las ra\u00edces superficiales, o acumulando paja en la base de la planta.<\/p>\n<p align=\"JUSTIFY\">\u2022 Otro buen aislante t\u00e9rmico frente a las temperaturas extremas (sean bajas, o altas en verano) es un buen compost ya sea casero o adquirido. Cubrir el suelo con una capa de 5 cm. a 7 cm. de este compuesto org\u00e1nico.<\/p>\n<p align=\"JUSTIFY\">\u2022 Los \u00e1rboles particularmente sensibles al fr\u00edo pueden rodearse con cultivos de herb\u00e1ceas o arbustos resistentes a las bajas temperaturas, por ejemplo: hortensia de invierno, chinas, ran\u00fanculos, pr\u00edmulas, freesias, jacintos, orejas de oso y pensamientos.<\/p>\n<p align=\"JUSTIFY\">\u2022 Las plantas injertadas merecen el mayor cuidado. Cubrir el \u00e1rea de injerto con una mezcla de tierra y guano.<\/p>\n<p align=\"JUSTIFY\">\u2022<a href=\"https:\/\/www.ecoterrazas.com\/blog\/wp-content\/uploads\/poda1.jpg\"><img loading=\"lazy\" decoding=\"async\" class=\"alignright\" src=\"https:\/\/www.ecoterrazas.com\/blog\/wp-content\/uploads\/poda1-300x199.jpg\" alt=\"poda\" width=\"210\" height=\"139\" \/><\/a> S\u00f3lo cuando el tiempo se haya estabilizado y no se vislumbren m\u00e1s heladas, podar las plantas que hayan sufrido deterioro por causa de aquellas.<\/p>\n","protected":false},"excerpt":{"rendered":"<p>El mal caracter\u00edstico de la estaci\u00f3n invernal, la helada, ocurre cuando el fr\u00edo muy intenso congela el agua contenida a nivel intracelular en las hojas. El hielo ocupa mayor espacio que el agua l\u00edquida y rompe las paredes de las c\u00e9lulas. Cuando sale el sol, el derretimiento provoca que estas c\u00e9lulas se deshidraten y mueran, &hellip;<\/p>\n","protected":false},"author":1,"featured_media":2054,"comment_status":"open","ping_status":"open","sticky":false,"template":"","format":"standard","meta":{"jetpack_post_was_ever_published":false,"_jetpack_newsletter_access":"","_jetpack_dont_email_post_to_subs":false,"_jetpack_newsletter_tier_id":0,"_jetpack_memberships_contains_paywalled_content":false,"_jetpack_memberships_contains_paid_content":false,"footnotes":"","jetpack_publicize_message":"","jetpack_publicize_feature_enabled":true,"jetpack_social_post_already_shared":false,"jetpack_social_options":{"image_generator_settings":{"template":"highway","default_image_id":0,"font":"","enabled":false},"version":2}},"categories":[127,10],"tags":[],"class_list":["post-2050","post","type-post","status-publish","format-standard","has-post-thumbnail","","category-huerto-urbano","category-jardineria"],"yoast_head":"<!-- This site is optimized with the Yoast SEO plugin v27.5 - https:\/\/yoast.com\/product\/yoast-seo-wordpress\/ -->\n<title>Prepara tu jard\u00edn para el invierno<\/title>\n<meta name=\"description\" content=\"El mal caracter\u00edstico de la estaci\u00f3n invernal, la helada, ocurre cuando el fr\u00edo muy intenso congela el agua contenida a nivel intracelular en las hojas.\" \/>\n<meta name=\"robots\" content=\"index, follow, max-snippet:-1, max-image-preview:large, max-video-preview:-1\" \/>\n<link rel=\"canonical\" href=\"https:\/\/www.ecoterrazas.com\/blog\/prepara-tu-jardin-para-el-invierno\/\" \/>\n<meta property=\"og:locale\" content=\"es_ES\" \/>\n<meta property=\"og:type\" content=\"article\" \/>\n<meta property=\"og:title\" content=\"Prepara tu jard\u00edn para el invierno\" \/>\n<meta property=\"og:description\" content=\"El mal caracter\u00edstico de la estaci\u00f3n invernal, la helada, ocurre cuando el fr\u00edo muy intenso congela el agua contenida a nivel intracelular en las hojas.\" \/>\n<meta property=\"og:url\" content=\"https:\/\/www.ecoterrazas.com\/blog\/prepara-tu-jardin-para-el-invierno\/\" \/>\n<meta property=\"og:site_name\" content=\"Ecoterrazas\" \/>\n<meta property=\"article:published_time\" content=\"2013-11-18T17:32:26+00:00\" \/>\n<meta property=\"article:modified_time\" content=\"2020-05-13T20:59:05+00:00\" \/>\n<meta property=\"og:image\" content=\"https:\/\/www.ecoterrazas.com\/blog\/wp-content\/uploads\/Cosas-que-hacer-jardin-invierno.jpg\" \/>\n\t<meta property=\"og:image:width\" content=\"720\" \/>\n\t<meta property=\"og:image:height\" content=\"380\" \/>\n\t<meta property=\"og:image:type\" content=\"image\/jpeg\" \/>\n<meta name=\"author\" content=\"Ecoterrazas.com\" \/>\n<meta name=\"twitter:label1\" content=\"Escrito por\" \/>\n\t<meta name=\"twitter:data1\" content=\"Ecoterrazas.com\" \/>\n\t<meta name=\"twitter:label2\" content=\"Tiempo de lectura\" \/>\n\t<meta name=\"twitter:data2\" content=\"3 minutos\" \/>\n<script type=\"application\/ld+json\" class=\"yoast-schema-graph\">{\"@context\":\"https:\\\/\\\/schema.org\",\"@graph\":[{\"@type\":\"Article\",\"@id\":\"https:\\\/\\\/www.ecoterrazas.com\\\/blog\\\/prepara-tu-jardin-para-el-invierno\\\/#article\",\"isPartOf\":{\"@id\":\"https:\\\/\\\/www.ecoterrazas.com\\\/blog\\\/prepara-tu-jardin-para-el-invierno\\\/\"},\"author\":{\"name\":\"Ecoterrazas.com\",\"@id\":\"https:\\\/\\\/www.ecoterrazas.com\\\/blog\\\/#\\\/schema\\\/person\\\/1c14febe08d983bdf01edf39f9cacb5d\"},\"headline\":\"Prepara tu jard\u00edn para el invierno\",\"datePublished\":\"2013-11-18T17:32:26+00:00\",\"dateModified\":\"2020-05-13T20:59:05+00:00\",\"mainEntityOfPage\":{\"@id\":\"https:\\\/\\\/www.ecoterrazas.com\\\/blog\\\/prepara-tu-jardin-para-el-invierno\\\/\"},\"wordCount\":697,\"commentCount\":0,\"image\":{\"@id\":\"https:\\\/\\\/www.ecoterrazas.com\\\/blog\\\/prepara-tu-jardin-para-el-invierno\\\/#primaryimage\"},\"thumbnailUrl\":\"https:\\\/\\\/www.ecoterrazas.com\\\/blog\\\/wp-content\\\/uploads\\\/Cosas-que-hacer-jardin-invierno.jpg\",\"articleSection\":[\"Huerto Urbano\",\"Jardiner\u00eda\"],\"inLanguage\":\"es\",\"potentialAction\":[{\"@type\":\"CommentAction\",\"name\":\"Comment\",\"target\":[\"https:\\\/\\\/www.ecoterrazas.com\\\/blog\\\/prepara-tu-jardin-para-el-invierno\\\/#respond\"]}]},{\"@type\":\"WebPage\",\"@id\":\"https:\\\/\\\/www.ecoterrazas.com\\\/blog\\\/prepara-tu-jardin-para-el-invierno\\\/\",\"url\":\"https:\\\/\\\/www.ecoterrazas.com\\\/blog\\\/prepara-tu-jardin-para-el-invierno\\\/\",\"name\":\"Prepara tu jard\u00edn para el invierno\",\"isPartOf\":{\"@id\":\"https:\\\/\\\/www.ecoterrazas.com\\\/blog\\\/#website\"},\"primaryImageOfPage\":{\"@id\":\"https:\\\/\\\/www.ecoterrazas.com\\\/blog\\\/prepara-tu-jardin-para-el-invierno\\\/#primaryimage\"},\"image\":{\"@id\":\"https:\\\/\\\/www.ecoterrazas.com\\\/blog\\\/prepara-tu-jardin-para-el-invierno\\\/#primaryimage\"},\"thumbnailUrl\":\"https:\\\/\\\/www.ecoterrazas.com\\\/blog\\\/wp-content\\\/uploads\\\/Cosas-que-hacer-jardin-invierno.jpg\",\"datePublished\":\"2013-11-18T17:32:26+00:00\",\"dateModified\":\"2020-05-13T20:59:05+00:00\",\"author\":{\"@id\":\"https:\\\/\\\/www.ecoterrazas.com\\\/blog\\\/#\\\/schema\\\/person\\\/1c14febe08d983bdf01edf39f9cacb5d\"},\"description\":\"El mal caracter\u00edstico de la estaci\u00f3n invernal, la helada, ocurre cuando el fr\u00edo muy intenso congela el agua contenida a nivel intracelular en las hojas.\",\"inLanguage\":\"es\",\"potentialAction\":[{\"@type\":\"ReadAction\",\"target\":[\"https:\\\/\\\/www.ecoterrazas.com\\\/blog\\\/prepara-tu-jardin-para-el-invierno\\\/\"]}]},{\"@type\":\"ImageObject\",\"inLanguage\":\"es\",\"@id\":\"https:\\\/\\\/www.ecoterrazas.com\\\/blog\\\/prepara-tu-jardin-para-el-invierno\\\/#primaryimage\",\"url\":\"https:\\\/\\\/www.ecoterrazas.com\\\/blog\\\/wp-content\\\/uploads\\\/Cosas-que-hacer-jardin-invierno.jpg\",\"contentUrl\":\"https:\\\/\\\/www.ecoterrazas.com\\\/blog\\\/wp-content\\\/uploads\\\/Cosas-que-hacer-jardin-invierno.jpg\",\"width\":720,\"height\":380},{\"@type\":\"WebSite\",\"@id\":\"https:\\\/\\\/www.ecoterrazas.com\\\/blog\\\/#website\",\"url\":\"https:\\\/\\\/www.ecoterrazas.com\\\/blog\\\/\",\"name\":\"Ecoterrazas\",\"description\":\"Plantas de aire y tendencias ecologicas\",\"potentialAction\":[{\"@type\":\"SearchAction\",\"target\":{\"@type\":\"EntryPoint\",\"urlTemplate\":\"https:\\\/\\\/www.ecoterrazas.com\\\/blog\\\/?s={search_term_string}\"},\"query-input\":{\"@type\":\"PropertyValueSpecification\",\"valueRequired\":true,\"valueName\":\"search_term_string\"}}],\"inLanguage\":\"es\"},{\"@type\":\"Person\",\"@id\":\"https:\\\/\\\/www.ecoterrazas.com\\\/blog\\\/#\\\/schema\\\/person\\\/1c14febe08d983bdf01edf39f9cacb5d\",\"name\":\"Ecoterrazas.com\",\"sameAs\":[\"https:\\\/\\\/www.ecoterrazas.com\"],\"url\":\"https:\\\/\\\/www.ecoterrazas.com\\\/blog\\\/author\\\/ecoterra\\\/\"}]}<\/script>\n<!-- \/ Yoast SEO plugin. -->","yoast_head_json":{"title":"Prepara tu jard\u00edn para el invierno","description":"El mal caracter\u00edstico de la estaci\u00f3n invernal, la helada, ocurre cuando el fr\u00edo muy intenso congela el agua contenida a nivel intracelular en las hojas.","robots":{"index":"index","follow":"follow","max-snippet":"max-snippet:-1","max-image-preview":"max-image-preview:large","max-video-preview":"max-video-preview:-1"},"canonical":"https:\/\/www.ecoterrazas.com\/blog\/prepara-tu-jardin-para-el-invierno\/","og_locale":"es_ES","og_type":"article","og_title":"Prepara tu jard\u00edn para el invierno","og_description":"El mal caracter\u00edstico de la estaci\u00f3n invernal, la helada, ocurre cuando el fr\u00edo muy intenso congela el agua contenida a nivel intracelular en las hojas.","og_url":"https:\/\/www.ecoterrazas.com\/blog\/prepara-tu-jardin-para-el-invierno\/","og_site_name":"Ecoterrazas","article_published_time":"2013-11-18T17:32:26+00:00","article_modified_time":"2020-05-13T20:59:05+00:00","og_image":[{"width":720,"height":380,"url":"https:\/\/www.ecoterrazas.com\/blog\/wp-content\/uploads\/Cosas-que-hacer-jardin-invierno.jpg","type":"image\/jpeg"}],"author":"Ecoterrazas.com","twitter_misc":{"Escrito por":"Ecoterrazas.com","Tiempo de lectura":"3 minutos"},"schema":{"@context":"https:\/\/schema.org","@graph":[{"@type":"Article","@id":"https:\/\/www.ecoterrazas.com\/blog\/prepara-tu-jardin-para-el-invierno\/#article","isPartOf":{"@id":"https:\/\/www.ecoterrazas.com\/blog\/prepara-tu-jardin-para-el-invierno\/"},"author":{"name":"Ecoterrazas.com","@id":"https:\/\/www.ecoterrazas.com\/blog\/#\/schema\/person\/1c14febe08d983bdf01edf39f9cacb5d"},"headline":"Prepara tu jard\u00edn para el invierno","datePublished":"2013-11-18T17:32:26+00:00","dateModified":"2020-05-13T20:59:05+00:00","mainEntityOfPage":{"@id":"https:\/\/www.ecoterrazas.com\/blog\/prepara-tu-jardin-para-el-invierno\/"},"wordCount":697,"commentCount":0,"image":{"@id":"https:\/\/www.ecoterrazas.com\/blog\/prepara-tu-jardin-para-el-invierno\/#primaryimage"},"thumbnailUrl":"https:\/\/www.ecoterrazas.com\/blog\/wp-content\/uploads\/Cosas-que-hacer-jardin-invierno.jpg","articleSection":["Huerto Urbano","Jardiner\u00eda"],"inLanguage":"es","potentialAction":[{"@type":"CommentAction","name":"Comment","target":["https:\/\/www.ecoterrazas.com\/blog\/prepara-tu-jardin-para-el-invierno\/#respond"]}]},{"@type":"WebPage","@id":"https:\/\/www.ecoterrazas.com\/blog\/prepara-tu-jardin-para-el-invierno\/","url":"https:\/\/www.ecoterrazas.com\/blog\/prepara-tu-jardin-para-el-invierno\/","name":"Prepara tu jard\u00edn para el invierno","isPartOf":{"@id":"https:\/\/www.ecoterrazas.com\/blog\/#website"},"primaryImageOfPage":{"@id":"https:\/\/www.ecoterrazas.com\/blog\/prepara-tu-jardin-para-el-invierno\/#primaryimage"},"image":{"@id":"https:\/\/www.ecoterrazas.com\/blog\/prepara-tu-jardin-para-el-invierno\/#primaryimage"},"thumbnailUrl":"https:\/\/www.ecoterrazas.com\/blog\/wp-content\/uploads\/Cosas-que-hacer-jardin-invierno.jpg","datePublished":"2013-11-18T17:32:26+00:00","dateModified":"2020-05-13T20:59:05+00:00","author":{"@id":"https:\/\/www.ecoterrazas.com\/blog\/#\/schema\/person\/1c14febe08d983bdf01edf39f9cacb5d"},"description":"El mal caracter\u00edstico de la estaci\u00f3n invernal, la helada, ocurre cuando el fr\u00edo muy intenso congela el agua contenida a nivel intracelular en las hojas.","inLanguage":"es","potentialAction":[{"@type":"ReadAction","target":["https:\/\/www.ecoterrazas.com\/blog\/prepara-tu-jardin-para-el-invierno\/"]}]},{"@type":"ImageObject","inLanguage":"es","@id":"https:\/\/www.ecoterrazas.com\/blog\/prepara-tu-jardin-para-el-invierno\/#primaryimage","url":"https:\/\/www.ecoterrazas.com\/blog\/wp-content\/uploads\/Cosas-que-hacer-jardin-invierno.jpg","contentUrl":"https:\/\/www.ecoterrazas.com\/blog\/wp-content\/uploads\/Cosas-que-hacer-jardin-invierno.jpg","width":720,"height":380},{"@type":"WebSite","@id":"https:\/\/www.ecoterrazas.com\/blog\/#website","url":"https:\/\/www.ecoterrazas.com\/blog\/","name":"Ecoterrazas","description":"Plantas de aire y tendencias ecologicas","potentialAction":[{"@type":"SearchAction","target":{"@type":"EntryPoint","urlTemplate":"https:\/\/www.ecoterrazas.com\/blog\/?s={search_term_string}"},"query-input":{"@type":"PropertyValueSpecification","valueRequired":true,"valueName":"search_term_string"}}],"inLanguage":"es"},{"@type":"Person","@id":"https:\/\/www.ecoterrazas.com\/blog\/#\/schema\/person\/1c14febe08d983bdf01edf39f9cacb5d","name":"Ecoterrazas.com","sameAs":["https:\/\/www.ecoterrazas.com"],"url":"https:\/\/www.ecoterrazas.com\/blog\/author\/ecoterra\/"}]}},"jetpack_publicize_connections":[],"jetpack_featured_media_url":"https:\/\/www.ecoterrazas.com\/blog\/wp-content\/uploads\/Cosas-que-hacer-jardin-invierno.jpg","jetpack_sharing_enabled":true,"jetpack_shortlink":"https:\/\/wp.me\/p2RF8Q-x4","_links":{"self":[{"href":"https:\/\/www.ecoterrazas.com\/blog\/wp-json\/wp\/v2\/posts\/2050","targetHints":{"allow":["GET"]}}],"collection":[{"href":"https:\/\/www.ecoterrazas.com\/blog\/wp-json\/wp\/v2\/posts"}],"about":[{"href":"https:\/\/www.ecoterrazas.com\/blog\/wp-json\/wp\/v2\/types\/post"}],"author":[{"embeddable":true,"href":"https:\/\/www.ecoterrazas.com\/blog\/wp-json\/wp\/v2\/users\/1"}],"replies":[{"embeddable":true,"href":"https:\/\/www.ecoterrazas.com\/blog\/wp-json\/wp\/v2\/comments?post=2050"}],"version-history":[{"count":5,"href":"https:\/\/www.ecoterrazas.com\/blog\/wp-json\/wp\/v2\/posts\/2050\/revisions"}],"predecessor-version":[{"id":2899,"href":"https:\/\/www.ecoterrazas.com\/blog\/wp-json\/wp\/v2\/posts\/2050\/revisions\/2899"}],"wp:featuredmedia":[{"embeddable":true,"href":"https:\/\/www.ecoterrazas.com\/blog\/wp-json\/wp\/v2\/media\/2054"}],"wp:attachment":[{"href":"https:\/\/www.ecoterrazas.com\/blog\/wp-json\/wp\/v2\/media?parent=2050"}],"wp:term":[{"taxonomy":"category","embeddable":true,"href":"https:\/\/www.ecoterrazas.com\/blog\/wp-json\/wp\/v2\/categories?post=2050"},{"taxonomy":"post_tag","embeddable":true,"href":"https:\/\/www.ecoterrazas.com\/blog\/wp-json\/wp\/v2\/tags?post=2050"}],"curies":[{"name":"wp","href":"https:\/\/api.w.org\/{rel}","templated":true}]}}