{"id":2234,"date":"2014-02-17T18:28:30","date_gmt":"2014-02-17T18:28:30","guid":{"rendered":"https:\/\/www.ecoterrazas.com\/blog\/?p=2234"},"modified":"2020-09-22T19:42:55","modified_gmt":"2020-09-22T19:42:55","slug":"prevencion-y-tratamiento-de-plagas-en-invierno","status":"publish","type":"post","link":"https:\/\/www.ecoterrazas.com\/blog\/prevencion-y-tratamiento-de-plagas-en-invierno\/","title":{"rendered":"Prevenci\u00f3n y tratamiento de plagas en invierno"},"content":{"rendered":"<p align=\"JUSTIFY\">Invierno es el momento adecuado para podar tus plantas y tratarlas para que crezcan mas fuertes y resistentes adem\u00e1s de la identificaci\u00f3n de estas y su lucha. En esta peque\u00f1a gu\u00eda se explica como conseguir llegar a la primavera con nuestras plantas sanas y preparadas.<\/p>\n<ol>\n<li>\n<p align=\"JUSTIFY\"><span style=\"text-decoration: underline;\"><b>TRATAMIENTO PREVENTIVO CONTRA PLAGAS<\/b><\/span><\/p>\n<\/li>\n<\/ol>\n<p>En invierno se puede realizar los siguientes tratamientos preventivos para no sufrir plagas ni hongos en primavera:<\/p>\n<ul>\n<li>\n<figure id=\"attachment_2239\" aria-describedby=\"caption-attachment-2239\" style=\"width: 126px\" class=\"wp-caption alignright\"><a href=\"https:\/\/www.ecoterrazas.com\/blog\/wp-content\/uploads\/bolson.jpg\"><img loading=\"lazy\" decoding=\"async\" class=\" wp-image-2239 \" alt=\"bolson\" src=\"https:\/\/www.ecoterrazas.com\/blog\/wp-content\/uploads\/bolson-225x300.jpg\" width=\"126\" height=\"168\" srcset=\"https:\/\/www.ecoterrazas.com\/blog\/wp-content\/uploads\/bolson-225x300.jpg 225w, https:\/\/www.ecoterrazas.com\/blog\/wp-content\/uploads\/bolson-768x1024.jpg 768w, https:\/\/www.ecoterrazas.com\/blog\/wp-content\/uploads\/bolson.jpg 1200w\" sizes=\"auto, (max-width: 126px) 100vw, 126px\" \/><\/a><figcaption id=\"caption-attachment-2239\" class=\"wp-caption-text\">detalle de \u00abbols\u00f3n de procesionaria\u00bb<\/figcaption><\/figure>\n<p align=\"JUSTIFY\">Cortar los bolsones de procesionaria de las copas de los \u00e1rboles, despu\u00e9s quemarlos.<\/p>\n<\/li>\n<li>\n<p align=\"JUSTIFY\">Aplicar aceite de invierno (Pr\u00f3polis soluci\u00f3n hidroalcoh\u00f3licla, aceite de parafina), en los \u00e1rboles y arbustos de hoja caduca, sobre las ramas y tronco. El aceite de invierno forma una pel\u00edcula sobre la madera que produce la asfixia a los insectos que quedan debajo. Mata a las cochinillas y mata huevos de pulg\u00f3n, huevos de \u00e1caros y esporas de algunos hongos. Embadurnar con una mezcla de arcilla, ceniza y leche en polvo, los troncos nos sirve como sustituto del aceite de invierno y es adem\u00e1s un tratamiento de enlucido.<\/p>\n<\/li>\n<\/ul>\n<ul>\n<li>\n<p align=\"JUSTIFY\">No realizar plantaciones muy densas, dejar espacio para la ventilaci\u00f3n.<\/p>\n<\/li>\n<li>\n<p align=\"JUSTIFY\">Comprar <a href=\"https:\/\/www.ecoterrazas.com\/es\/62-huerto-urbano\">planta de buena calidad<\/a>, sana.<\/p>\n<\/li>\n<\/ul>\n<ul>\n<li>\n<p align=\"JUSTIFY\">Mejora las caracter\u00edsticas del suelo: labra, aporta <a href=\"https:\/\/www.ecoterrazas.com\/es\/66-fertilizante-tillandsia\">abono org\u00e1nico<\/a> (esti\u00e9rcol, compost), drenajes si son necesarios, etc.<\/p>\n<\/li>\n<li>\n<figure id=\"attachment_2240\" aria-describedby=\"caption-attachment-2240\" style=\"width: 150px\" class=\"wp-caption alignright\"><a href=\"https:\/\/www.ecoterrazas.com\/blog\/wp-content\/uploads\/ortiga.jpg\"><img loading=\"lazy\" decoding=\"async\" class=\"size-thumbnail wp-image-2240\" alt=\"Ortiga &quot;Urtica spp&quot;\" src=\"https:\/\/www.ecoterrazas.com\/blog\/wp-content\/uploads\/ortiga-150x150.jpg\" width=\"150\" height=\"150\" srcset=\"https:\/\/www.ecoterrazas.com\/blog\/wp-content\/uploads\/ortiga-150x150.jpg 150w, https:\/\/www.ecoterrazas.com\/blog\/wp-content\/uploads\/ortiga-55x55.jpg 55w\" sizes=\"auto, (max-width: 150px) 100vw, 150px\" \/><\/a><figcaption id=\"caption-attachment-2240\" class=\"wp-caption-text\">Ortiga \u00abUrtica spp\u00bb<\/figcaption><\/figure>\n<p align=\"JUSTIFY\">Acolchar, evitara que nuestras plantas sufran y se desarrollen mas fuertes. Aplicar pur\u00edn de ortigas: estimula el crecimiento de las plantas, y sirve para prevenir el mildiu y la ara\u00f1a roja. Se realiza con 200 gramos de Ortiga seca \u00f3 1 Kg. de Ortiga fresca macerada durante 15-20 d\u00edas en 10 litros de agua de lluvia o mineral. Se diluye un litro de pur\u00edn en 20 litros de agua para pulverizar y 1 litro en 10 litros para regar. Podemos utilizarlo directamente sobre el suelo y en el caso de las hojas, ramas y brotes tiernos pulverizado.<\/p>\n<\/li>\n<li>\n<p align=\"JUSTIFY\">Aplicar una mezcla de pur\u00edn de ortiga y decocci\u00f3n de cola de caballo (Equisetum orvense) en ramas y hojas. A\u00f1adir medio litro de decocci\u00f3n de cola de caballo (planta fresca: 1Kg\/ 10 L de agua) a un litro de pur\u00edn de ortiga en la fermentaci\u00f3n.<\/p>\n<\/li>\n<\/ul>\n<ol start=\"2\">\n<li>\n<p align=\"JUSTIFY\"><span style=\"text-decoration: underline;\"><b>PODA INERNAL DE ARBOLES Y ARBUSTOS<\/b><\/span><\/p>\n<\/li>\n<\/ol>\n<p align=\"JUSTIFY\">Antes de podar un \u00e1rbol, debemos pensar que \u00e9ste es un organismo vivo y que cualquier poda es una alteraci\u00f3n que le ocasionamos. No debemos tomarnos la pr\u00e1ctica de la poda a la ligera, ya que puede ocasionar da\u00f1os irreparables que acorten la vida del \u00e1rbol y, en el peor de los casos, le ocasionen la muerte. Cuando se poda un \u00e1rbol muchas veces se modifica su estructura, la cual han conseguido tras siglos y siglos de evoluci\u00f3n. \u00bfPor qu\u00e9 modificar esta estructura, que el \u00e1rbol ha \u201celegido\u201d como la mejor? Frecuentemente se realiza por est\u00e9tica o moda, otras veces por una mala plantaci\u00f3n (ejemplares demasiado juntos o inadecuados para ese espacio), peligro (derivado muchas\u00a0veces de una mala plantaci\u00f3n y mantenimiento, otras por tormentas y vendavales), aumento de la producci\u00f3n de fruta (frutales), obtenci\u00f3n de frondosidad\u2026. Resumiendo, intentamos adaptar la estructura de los \u00e1rboles a nuestras necesidades.<\/p>\n<p align=\"JUSTIFY\">Los expertos enumeran una serie de circunstancias en las que es aconsejable podar<\/p>\n<p align=\"JUSTIFY\">los \u00e1rboles ornamentales:<\/p>\n<ul>\n<li>\n<figure id=\"attachment_2244\" aria-describedby=\"caption-attachment-2244\" style=\"width: 150px\" class=\"wp-caption alignright\"><a href=\"https:\/\/www.ecoterrazas.com\/blog\/wp-content\/uploads\/negra-rosal.jpg\"><img loading=\"lazy\" decoding=\"async\" class=\"size-thumbnail wp-image-2244\" alt=\"Detalle &quot;mancha negra del rosal&quot;\" src=\"https:\/\/www.ecoterrazas.com\/blog\/wp-content\/uploads\/negra-rosal-150x150.jpg\" width=\"150\" height=\"150\" srcset=\"https:\/\/www.ecoterrazas.com\/blog\/wp-content\/uploads\/negra-rosal-150x150.jpg 150w, https:\/\/www.ecoterrazas.com\/blog\/wp-content\/uploads\/negra-rosal-55x55.jpg 55w\" sizes=\"auto, (max-width: 150px) 100vw, 150px\" \/><\/a><figcaption id=\"caption-attachment-2244\" class=\"wp-caption-text\">Detalle \u00abmancha negra del rosal\u00bb<\/figcaption><\/figure>\n<p align=\"JUSTIFY\">Eliminar las ramas secas.<\/p>\n<\/li>\n<li>Eliminar ramas enfermas.<\/li>\n<li>\n<p align=\"JUSTIFY\">Eliminar las ramas gravemente atacadas por insectos, virus u hongos. S\u00f3lo cuando no sea posible o aconsejable tratar la plaga.<\/p>\n<\/li>\n<li>\n<p align=\"JUSTIFY\">Eliminar las ramas rotas.<\/p>\n<\/li>\n<li>\n<p align=\"JUSTIFY\">Eliminar los restos de ramas y mu\u00f1ones de podas anteriores mal realizadas.<\/p>\n<\/li>\n<li>\n<p align=\"JUSTIFY\">Eliminar aquella rama que, siendo m\u00e1s d\u00e9bil, compita directamente con otra por el mismo espacio vital.<\/p>\n<\/li>\n<li>\n<figure id=\"attachment_2243\" aria-describedby=\"caption-attachment-2243\" style=\"width: 150px\" class=\"wp-caption alignright\"><a href=\"https:\/\/www.ecoterrazas.com\/blog\/wp-content\/uploads\/demasiadas-ramas-entorpeciendose.jpg\"><img loading=\"lazy\" decoding=\"async\" class=\"size-thumbnail wp-image-2243\" alt=\"demasiadas ramas entorpeciendose\" src=\"https:\/\/www.ecoterrazas.com\/blog\/wp-content\/uploads\/demasiadas-ramas-entorpeciendose-150x150.jpg\" width=\"150\" height=\"150\" srcset=\"https:\/\/www.ecoterrazas.com\/blog\/wp-content\/uploads\/demasiadas-ramas-entorpeciendose-150x150.jpg 150w, https:\/\/www.ecoterrazas.com\/blog\/wp-content\/uploads\/demasiadas-ramas-entorpeciendose-55x55.jpg 55w\" sizes=\"auto, (max-width: 150px) 100vw, 150px\" \/><\/a><figcaption id=\"caption-attachment-2243\" class=\"wp-caption-text\">demasiadas ramas entorpeci\u00e9ndose<\/figcaption><\/figure>\n<p align=\"JUSTIFY\">Eliminar una de las dos ramas que se rocen de manera habitual, sobre todo en lugares ventosos.<\/p>\n<\/li>\n<li>\n<p align=\"JUSTIFY\">Aligerar aquella rama con un protagonismo excesivo para el tama\u00f1o del \u00e1rbol. Aconsejable por razones de equilibrio f\u00edsico del \u00e1rbol.<\/p>\n<\/li>\n<li>\n<p align=\"JUSTIFY\">Entre los anteriores motivos no se incluyen razones est\u00e9ticas porque un \u00e1rbol sano, al que \u00fanicamente se eliminan ramas por motivos razonables, ser\u00e1 casi siempre un \u00e1rbol hermoso y equilibrado.<\/p>\n<\/li>\n<\/ul>\n<p align=\"JUSTIFY\">Generalmente se ha dicho que la \u00e9poca adecuada para realizar la poda era oto\u00f1o e invierno, cuando no hay riesgo de helada, adem\u00e1s es recomendable para sanear la planta cuando esta est\u00e1 en parada de su crecimiento vegetativo lo que le da tiempo para cicatrizar sus heridas y prepararse para un crecimiento exuberante en primavera.<\/p>\n<ol start=\"3\">\n<li>\n<p align=\"JUSTIFY\"><span style=\"text-decoration: underline;\"><b>PLAGAS Y ENFERMEDADES<\/b><\/span><\/p>\n<\/li>\n<\/ol>\n<p align=\"JUSTIFY\">La aparici\u00f3n y proliferaci\u00f3n de plagas puede deberse a distintas causas. En los ecosistemas libres de la acci\u00f3n humana encontramos infinidad de insectos y microorganismos, que all\u00ed rara vez se convierten en plagas, ya que la diversidad de especies y los m\u00faltiples depredadores que conviven en el ecosistema regulan constantemente la proliferaci\u00f3n masiva de cualquier especie concreta. Sin embargo estos mismos insectos pueden convertirse en plaga en nuestro jard\u00edn o huerto si no existe un equilibrio en nuestro ecosistema, influenciado generalmente por una mala pr\u00e1ctica en el jard\u00edn o huerto:<\/p>\n<p align=\"JUSTIFY\">\u00a0&#8211; Suelo pobre y contaminado. La salud de las plantas est\u00e1 ligada estrechamente a la\u00a0salud y la vida del suelo, por lo que debemos recordar que cuando una planta se\u00a0encuentra en un suelo pobre, desequilibrado por malas labores, excesos de\u00a0fertilizantes qu\u00edmicos, sobreexplotado o con residuos de fungicidas, herbicidas o\u00a0insecticidas, pierde la capacidad de producir plantas sanas y vigorosas.<\/p>\n<figure id=\"attachment_2247\" aria-describedby=\"caption-attachment-2247\" style=\"width: 150px\" class=\"wp-caption alignright\"><a href=\"https:\/\/www.ecoterrazas.com\/blog\/wp-content\/uploads\/detalle-suelo-sobreesplotado.jpg\"><img loading=\"lazy\" decoding=\"async\" class=\"size-thumbnail wp-image-2247\" alt=\"detalle suelo sobreesplotado\" src=\"https:\/\/www.ecoterrazas.com\/blog\/wp-content\/uploads\/detalle-suelo-sobreesplotado-150x150.jpg\" width=\"150\" height=\"150\" srcset=\"https:\/\/www.ecoterrazas.com\/blog\/wp-content\/uploads\/detalle-suelo-sobreesplotado-150x150.jpg 150w, https:\/\/www.ecoterrazas.com\/blog\/wp-content\/uploads\/detalle-suelo-sobreesplotado-55x55.jpg 55w\" sizes=\"auto, (max-width: 150px) 100vw, 150px\" \/><\/a><figcaption id=\"caption-attachment-2247\" class=\"wp-caption-text\">detalle suelo sobreexplotado<\/figcaption><\/figure>\n<p align=\"JUSTIFY\">&#8211; El uso masivo de abonos qu\u00edmicos o naturales y de insecticidas producen\u00a0desequilibrios en las plantas (debilitan su defensa inmunitaria), lo que hace a la\u00a0planta vulnerable a ataques de insectos y hongos. Tambi\u00e9n hay que tener cuidado\u00a0con los par\u00e1sitos supervivientes a un tratamiento fitosanitario ya que pueden ser\u00a0resistentes al plaguicida y esta resistencia pueden transmitirla a su descendencia.<\/p>\n<p align=\"JUSTIFY\">&#8211; Destrucci\u00f3n de la vida microbiana del suelo, encargada de la descomposici\u00f3n de la\u00a0materia org\u00e1nica y generadora de humus, por el abuso de plaguicidas con efectos\u00a0residuales.<\/p>\n<p align=\"JUSTIFY\">&#8211; Merma o inhibici\u00f3n de la actividad de las micorrizas simbi\u00f3ticas de las ra\u00edces de\u00a0las plantas causada por el uso de fungicidas. Las micorrizas son hongos que viven en simbiosis con las ra\u00edces de las plantas y que se encargan de hacer accesibles los minerales para las plantas.<\/p>\n<p align=\"JUSTIFY\">&#8211; Desaparici\u00f3n de flora espont\u00e1nea que sirve de refugio a las especies de insectos controladoras o depredadoras.<\/p>\n<p align=\"JUSTIFY\">-Eliminaci\u00f3n progresiva de la fauna \u00fatil aliada del agricultor: p\u00e1jaros, reptiles,batracios, erizos, etc.<\/p>\n<figure id=\"attachment_2248\" aria-describedby=\"caption-attachment-2248\" style=\"width: 150px\" class=\"wp-caption alignright\"><a href=\"https:\/\/www.ecoterrazas.com\/blog\/wp-content\/uploads\/Chrysoperla_carnea_larva02.jpg\"><img loading=\"lazy\" decoding=\"async\" class=\"size-thumbnail wp-image-2248\" alt=\"&quot;Chrysoperla carnea&quot; enemigo natural del pulg\u00f3n\" src=\"https:\/\/www.ecoterrazas.com\/blog\/wp-content\/uploads\/Chrysoperla_carnea_larva02-150x150.jpg\" width=\"150\" height=\"150\" srcset=\"https:\/\/www.ecoterrazas.com\/blog\/wp-content\/uploads\/Chrysoperla_carnea_larva02-150x150.jpg 150w, https:\/\/www.ecoterrazas.com\/blog\/wp-content\/uploads\/Chrysoperla_carnea_larva02-55x55.jpg 55w\" sizes=\"auto, (max-width: 150px) 100vw, 150px\" \/><\/a><figcaption id=\"caption-attachment-2248\" class=\"wp-caption-text\"><a href=\"https:\/\/www.ecoterrazas.com\/es\/66-fertilizante-tillandsia\">\u00abChrysoperla carnea\u00bb enemigo natural del pulg\u00f3n<\/a><\/figcaption><\/figure>\n<p align=\"JUSTIFY\">&#8211; Plantar las especies demasiado juntas, no permitiendo su correcto desarrollo e\u00a0impidiendo la circulaci\u00f3n del viento.<\/p>\n<p align=\"JUSTIFY\">&#8211; Exceso de humedad o estr\u00e9s h\u00eddrico (sequ\u00eda).<\/p>\n<p align=\"JUSTIFY\">&#8211; Elecci\u00f3n de variedades no adaptadas al terreno o al clima del lugar.<\/p>\n<p align=\"JUSTIFY\">Debemos recordar que unos cuantos insectos en nuestro jard\u00edn no es una plaga y que se trata de regular las poblaciones no de erradicarlas. Hay que tranquilizarse. Pensar siempre que detr\u00e1s de un par\u00e1sito hay una cadena alimentar\u00eda que se apoya en \u00e9l, y que har\u00e1 su trabajo, por ejemplo las mariquitas con los pulgones. Si encontramos unos cuantos pulgones dispersos en nuestro rosal, bastara con aplicar un reforzante, como un pur\u00edn de ortigas o un estrato de helechos, si las pululaciones son m\u00e1s evidentes podemos pasar a un <a href=\"https:\/\/www.ecoterrazas.com\/es\/insecticidas-ecologicos\/112-bio-extracto-de-ajo.html\">extracto de ajo<\/a>. Lo mejor para evitar tener una plaga en nuestro jard\u00edn o huerto, es tener unas plantas sanas y no debilitadas por el abuso de abonos y productos qu\u00edmicos.<\/p>\n<ol start=\"4\">\n<li>\n<p align=\"JUSTIFY\"><span style=\"text-decoration: underline;\"><b>TRATAMIENTO DE PLAGAS Y HONGOS<\/b><\/span><\/p>\n<\/li>\n<\/ol>\n<p align=\"JUSTIFY\">Para que nuestro huerto tenga una salud \u00f3ptima en primavera, es fundamental que hagamos caso del conocido dicho \u201cm\u00e1s vale prevenir que curar\u201d poniendo en pr\u00e1ctica, desde la puesta en marcha del jard\u00edn, todas aquellas t\u00e9cnicas que nos permitan obtener plantas fuertes y lozanas antes de la llegada de plagas y enfermedades. Las t\u00e9cnicas preventivas, b\u00e1sicas en jardiner\u00eda y agricultura ecol\u00f3gica, son m\u00e1s efectivas que disponer de todo un arsenal de productos.<\/p>\n<ul>\n<li>\n<figure id=\"attachment_2252\" aria-describedby=\"caption-attachment-2252\" style=\"width: 150px\" class=\"wp-caption alignright\"><a href=\"https:\/\/www.ecoterrazas.com\/blog\/wp-content\/uploads\/humus-de-lombrices1.jpg\"><img loading=\"lazy\" decoding=\"async\" class=\"size-thumbnail wp-image-2252\" alt=\"Producci\u00f3n de Humus de lombriz\" src=\"https:\/\/www.ecoterrazas.com\/blog\/wp-content\/uploads\/humus-de-lombrices1-150x150.jpg\" width=\"150\" height=\"150\" srcset=\"https:\/\/www.ecoterrazas.com\/blog\/wp-content\/uploads\/humus-de-lombrices1-150x150.jpg 150w, https:\/\/www.ecoterrazas.com\/blog\/wp-content\/uploads\/humus-de-lombrices1-55x55.jpg 55w\" sizes=\"auto, (max-width: 150px) 100vw, 150px\" \/><\/a><figcaption id=\"caption-attachment-2252\" class=\"wp-caption-text\">Producci\u00f3n de Humus de lombriz<\/figcaption><\/figure>\n<p align=\"JUSTIFY\">Abonado: Incorporaremos a nuestra tierra la<a href=\"https:\/\/www.ecoterrazas.com\/es\/62-huerto-urbano\"> materia org\u00e1nica ya fermentada<\/a>. Esto lo conseguiremos compr\u00e1ndolo ya hecho (compost, humus de lombriz&#8230;) o compost\u00e1ndolo previamente. Aportaremos la cantidad justa de abono, teniendo en cuenta el tipo de planta que ir\u00e1 en ese lugar y el abonado de a\u00f1os anteriores (el esti\u00e9rcol aplicado un a\u00f1o se va mineralizando en a\u00f1os sucesivos, es decir, no se gasta todo durante el a\u00f1o en que se aporta, por lo que despu\u00e9s de una estercoladura fuerte podremos reducir el aporte del a\u00f1o siguiente). Un exceso de abonado, aunque sea org\u00e1nico, conlleva problemas de consumo excesivo de algunos nutrientes por parte de las plantas lo que aumenta la susceptibilidad de las plantas a plagas, como los pulgones.<\/p>\n<\/li>\n<li>\n<p align=\"JUSTIFY\">Aireaci\u00f3n: Dispondremos las plantas con una densidad adecuada, de forma que pueda circular el aire entre ellas.<\/p>\n<\/li>\n<li>\n<p align=\"JUSTIFY\">Riego: Es muy importante que los riegos sean moderados y frecuentes,<\/p>\n<\/li>\n<li>\n<p align=\"JUSTIFY\">Elecci\u00f3n de variedades y de fechas de siembra o plantaci\u00f3n adecuadas a nuestra zona.<\/p>\n<\/li>\n<li>\n<figure id=\"attachment_2253\" aria-describedby=\"caption-attachment-2253\" style=\"width: 150px\" class=\"wp-caption alignright\"><a href=\"https:\/\/www.ecoterrazas.com\/blog\/las-beneficiosas-mariquitas-de-siete-puntos-2\/\"><img loading=\"lazy\" decoding=\"async\" class=\"size-thumbnail wp-image-2253\" alt=\"Mariquita de siete puntos\" src=\"https:\/\/www.ecoterrazas.com\/blog\/wp-content\/uploads\/mariquita_wikifaunia-150x150.jpg\" width=\"150\" height=\"150\" srcset=\"https:\/\/www.ecoterrazas.com\/blog\/wp-content\/uploads\/mariquita_wikifaunia-150x150.jpg 150w, https:\/\/www.ecoterrazas.com\/blog\/wp-content\/uploads\/mariquita_wikifaunia-55x55.jpg 55w\" sizes=\"auto, (max-width: 150px) 100vw, 150px\" \/><\/a><figcaption id=\"caption-attachment-2253\" class=\"wp-caption-text\"><a href=\"https:\/\/www.ecoterrazas.com\/blog\/las-beneficiosas-mariquitas-de-siete-puntos-2\/\">Mariquita de siete puntos<\/a><\/figcaption><\/figure>\n<p align=\"JUSTIFY\">Potenciar la presencia de fauna beneficiosa: mariquitas, erizos, ara\u00f1as, etc. Una sola ara\u00f1a, por ejemplo, constituye un fiel aliado que en sus 18 meses de vida es capaz de devorar un promedio de 2000 insectos.<\/p>\n<\/li>\n<li>\n<p align=\"JUSTIFY\">Vigilar la presencia de hormigas, ya que \u00e9stas mantienen colonias de pulgones.<\/p>\n<\/li>\n<li>\n<p align=\"JUSTIFY\">Asociaci\u00f3n de plantas o cultivos: cultivar o plantar determinadas especies juntas puede reportar efectos beneficiosos para ambas. Son plantas cuyas ra\u00edces, hojas o tallos exudan sustancias que ahuyentan insectos perjudiciales para nuestros cultivos. En el taller de jardiner\u00eda: labores de primavera, veremos c\u00f3mo realizar sencillos productos fitosanitarios ecol\u00f3gicos, como purines, maceraciones, y conoceremos productos como el aceite de neem, el azufre o el caldo b\u00f3rdeles.<\/p>\n<\/li>\n<\/ul>\n","protected":false},"excerpt":{"rendered":"<p>Invierno es el momento adecuado para podar tus plantas y tratarlas para que crezcan mas fuertes y resistentes adem\u00e1s de la identificaci\u00f3n de estas y su lucha. En esta peque\u00f1a gu\u00eda se explica como conseguir llegar a la primavera con nuestras plantas sanas y preparadas. TRATAMIENTO PREVENTIVO CONTRA PLAGAS En invierno se puede realizar los &hellip;<\/p>\n","protected":false},"author":1,"featured_media":2237,"comment_status":"open","ping_status":"open","sticky":false,"template":"","format":"standard","meta":{"jetpack_post_was_ever_published":false,"_jetpack_newsletter_access":"","_jetpack_dont_email_post_to_subs":false,"_jetpack_newsletter_tier_id":0,"_jetpack_memberships_contains_paywalled_content":false,"_jetpack_memberships_contains_paid_content":false,"footnotes":"","jetpack_publicize_message":"","jetpack_publicize_feature_enabled":true,"jetpack_social_post_already_shared":false,"jetpack_social_options":{"image_generator_settings":{"template":"highway","default_image_id":0,"font":"","enabled":false},"version":2}},"categories":[127,10],"tags":[128,130],"class_list":["post-2234","post","type-post","status-publish","format-standard","has-post-thumbnail","","category-huerto-urbano","category-jardineria","tag-beneficios","tag-huevos"],"yoast_head":"<!-- This site is optimized with the Yoast SEO plugin v27.5 - https:\/\/yoast.com\/product\/yoast-seo-wordpress\/ -->\n<title>Prevenci\u00f3n y tratamiento de plagas en invierno<\/title>\n<meta name=\"description\" content=\"Invierno es el momento adecuado para podar tus plantas y tratarlas para que crezcan mas fuertes y resistentes adem\u00e1s de la identificaci\u00f3n de estas y su\" \/>\n<meta name=\"robots\" content=\"index, follow, max-snippet:-1, max-image-preview:large, max-video-preview:-1\" \/>\n<link rel=\"canonical\" href=\"https:\/\/www.ecoterrazas.com\/blog\/prevencion-y-tratamiento-de-plagas-en-invierno\/\" \/>\n<meta property=\"og:locale\" content=\"es_ES\" \/>\n<meta property=\"og:type\" content=\"article\" \/>\n<meta property=\"og:title\" content=\"Prevenci\u00f3n y tratamiento de plagas en invierno\" \/>\n<meta property=\"og:description\" content=\"Invierno es el momento adecuado para podar tus plantas y tratarlas para que crezcan mas fuertes y resistentes adem\u00e1s de la identificaci\u00f3n de estas y su\" \/>\n<meta property=\"og:url\" content=\"https:\/\/www.ecoterrazas.com\/blog\/prevencion-y-tratamiento-de-plagas-en-invierno\/\" \/>\n<meta property=\"og:site_name\" content=\"Ecoterrazas\" \/>\n<meta property=\"article:published_time\" content=\"2014-02-17T18:28:30+00:00\" \/>\n<meta property=\"article:modified_time\" content=\"2020-09-22T19:42:55+00:00\" \/>\n<meta property=\"og:image\" content=\"https:\/\/www.ecoterrazas.com\/blog\/wp-content\/uploads\/portada6.jpg\" \/>\n\t<meta property=\"og:image:width\" content=\"1024\" \/>\n\t<meta property=\"og:image:height\" content=\"768\" \/>\n\t<meta property=\"og:image:type\" content=\"image\/jpeg\" \/>\n<meta name=\"author\" content=\"Ecoterrazas.com\" \/>\n<meta name=\"twitter:label1\" content=\"Escrito por\" \/>\n\t<meta name=\"twitter:data1\" content=\"Ecoterrazas.com\" \/>\n\t<meta name=\"twitter:label2\" content=\"Tiempo de lectura\" \/>\n\t<meta name=\"twitter:data2\" content=\"9 minutos\" \/>\n<script type=\"application\/ld+json\" class=\"yoast-schema-graph\">{\"@context\":\"https:\\\/\\\/schema.org\",\"@graph\":[{\"@type\":\"Article\",\"@id\":\"https:\\\/\\\/www.ecoterrazas.com\\\/blog\\\/prevencion-y-tratamiento-de-plagas-en-invierno\\\/#article\",\"isPartOf\":{\"@id\":\"https:\\\/\\\/www.ecoterrazas.com\\\/blog\\\/prevencion-y-tratamiento-de-plagas-en-invierno\\\/\"},\"author\":{\"name\":\"Ecoterrazas.com\",\"@id\":\"https:\\\/\\\/www.ecoterrazas.com\\\/blog\\\/#\\\/schema\\\/person\\\/1c14febe08d983bdf01edf39f9cacb5d\"},\"headline\":\"Prevenci\u00f3n y tratamiento de plagas en invierno\",\"datePublished\":\"2014-02-17T18:28:30+00:00\",\"dateModified\":\"2020-09-22T19:42:55+00:00\",\"mainEntityOfPage\":{\"@id\":\"https:\\\/\\\/www.ecoterrazas.com\\\/blog\\\/prevencion-y-tratamiento-de-plagas-en-invierno\\\/\"},\"wordCount\":1727,\"commentCount\":1,\"image\":{\"@id\":\"https:\\\/\\\/www.ecoterrazas.com\\\/blog\\\/prevencion-y-tratamiento-de-plagas-en-invierno\\\/#primaryimage\"},\"thumbnailUrl\":\"https:\\\/\\\/www.ecoterrazas.com\\\/blog\\\/wp-content\\\/uploads\\\/portada6.jpg\",\"keywords\":[\"beneficios\",\"huevos\"],\"articleSection\":[\"Huerto Urbano\",\"Jardiner\u00eda\"],\"inLanguage\":\"es\",\"potentialAction\":[{\"@type\":\"CommentAction\",\"name\":\"Comment\",\"target\":[\"https:\\\/\\\/www.ecoterrazas.com\\\/blog\\\/prevencion-y-tratamiento-de-plagas-en-invierno\\\/#respond\"]}]},{\"@type\":\"WebPage\",\"@id\":\"https:\\\/\\\/www.ecoterrazas.com\\\/blog\\\/prevencion-y-tratamiento-de-plagas-en-invierno\\\/\",\"url\":\"https:\\\/\\\/www.ecoterrazas.com\\\/blog\\\/prevencion-y-tratamiento-de-plagas-en-invierno\\\/\",\"name\":\"Prevenci\u00f3n y tratamiento de plagas en invierno\",\"isPartOf\":{\"@id\":\"https:\\\/\\\/www.ecoterrazas.com\\\/blog\\\/#website\"},\"primaryImageOfPage\":{\"@id\":\"https:\\\/\\\/www.ecoterrazas.com\\\/blog\\\/prevencion-y-tratamiento-de-plagas-en-invierno\\\/#primaryimage\"},\"image\":{\"@id\":\"https:\\\/\\\/www.ecoterrazas.com\\\/blog\\\/prevencion-y-tratamiento-de-plagas-en-invierno\\\/#primaryimage\"},\"thumbnailUrl\":\"https:\\\/\\\/www.ecoterrazas.com\\\/blog\\\/wp-content\\\/uploads\\\/portada6.jpg\",\"datePublished\":\"2014-02-17T18:28:30+00:00\",\"dateModified\":\"2020-09-22T19:42:55+00:00\",\"author\":{\"@id\":\"https:\\\/\\\/www.ecoterrazas.com\\\/blog\\\/#\\\/schema\\\/person\\\/1c14febe08d983bdf01edf39f9cacb5d\"},\"description\":\"Invierno es el momento adecuado para podar tus plantas y tratarlas para que crezcan mas fuertes y resistentes adem\u00e1s de la identificaci\u00f3n de estas y su\",\"inLanguage\":\"es\",\"potentialAction\":[{\"@type\":\"ReadAction\",\"target\":[\"https:\\\/\\\/www.ecoterrazas.com\\\/blog\\\/prevencion-y-tratamiento-de-plagas-en-invierno\\\/\"]}]},{\"@type\":\"ImageObject\",\"inLanguage\":\"es\",\"@id\":\"https:\\\/\\\/www.ecoterrazas.com\\\/blog\\\/prevencion-y-tratamiento-de-plagas-en-invierno\\\/#primaryimage\",\"url\":\"https:\\\/\\\/www.ecoterrazas.com\\\/blog\\\/wp-content\\\/uploads\\\/portada6.jpg\",\"contentUrl\":\"https:\\\/\\\/www.ecoterrazas.com\\\/blog\\\/wp-content\\\/uploads\\\/portada6.jpg\",\"width\":1024,\"height\":768},{\"@type\":\"WebSite\",\"@id\":\"https:\\\/\\\/www.ecoterrazas.com\\\/blog\\\/#website\",\"url\":\"https:\\\/\\\/www.ecoterrazas.com\\\/blog\\\/\",\"name\":\"Ecoterrazas\",\"description\":\"Plantas de aire y tendencias ecologicas\",\"potentialAction\":[{\"@type\":\"SearchAction\",\"target\":{\"@type\":\"EntryPoint\",\"urlTemplate\":\"https:\\\/\\\/www.ecoterrazas.com\\\/blog\\\/?s={search_term_string}\"},\"query-input\":{\"@type\":\"PropertyValueSpecification\",\"valueRequired\":true,\"valueName\":\"search_term_string\"}}],\"inLanguage\":\"es\"},{\"@type\":\"Person\",\"@id\":\"https:\\\/\\\/www.ecoterrazas.com\\\/blog\\\/#\\\/schema\\\/person\\\/1c14febe08d983bdf01edf39f9cacb5d\",\"name\":\"Ecoterrazas.com\",\"sameAs\":[\"https:\\\/\\\/www.ecoterrazas.com\"],\"url\":\"https:\\\/\\\/www.ecoterrazas.com\\\/blog\\\/author\\\/ecoterra\\\/\"}]}<\/script>\n<!-- \/ Yoast SEO plugin. -->","yoast_head_json":{"title":"Prevenci\u00f3n y tratamiento de plagas en invierno","description":"Invierno es el momento adecuado para podar tus plantas y tratarlas para que crezcan mas fuertes y resistentes adem\u00e1s de la identificaci\u00f3n de estas y su","robots":{"index":"index","follow":"follow","max-snippet":"max-snippet:-1","max-image-preview":"max-image-preview:large","max-video-preview":"max-video-preview:-1"},"canonical":"https:\/\/www.ecoterrazas.com\/blog\/prevencion-y-tratamiento-de-plagas-en-invierno\/","og_locale":"es_ES","og_type":"article","og_title":"Prevenci\u00f3n y tratamiento de plagas en invierno","og_description":"Invierno es el momento adecuado para podar tus plantas y tratarlas para que crezcan mas fuertes y resistentes adem\u00e1s de la identificaci\u00f3n de estas y su","og_url":"https:\/\/www.ecoterrazas.com\/blog\/prevencion-y-tratamiento-de-plagas-en-invierno\/","og_site_name":"Ecoterrazas","article_published_time":"2014-02-17T18:28:30+00:00","article_modified_time":"2020-09-22T19:42:55+00:00","og_image":[{"width":1024,"height":768,"url":"https:\/\/www.ecoterrazas.com\/blog\/wp-content\/uploads\/portada6.jpg","type":"image\/jpeg"}],"author":"Ecoterrazas.com","twitter_misc":{"Escrito por":"Ecoterrazas.com","Tiempo de lectura":"9 minutos"},"schema":{"@context":"https:\/\/schema.org","@graph":[{"@type":"Article","@id":"https:\/\/www.ecoterrazas.com\/blog\/prevencion-y-tratamiento-de-plagas-en-invierno\/#article","isPartOf":{"@id":"https:\/\/www.ecoterrazas.com\/blog\/prevencion-y-tratamiento-de-plagas-en-invierno\/"},"author":{"name":"Ecoterrazas.com","@id":"https:\/\/www.ecoterrazas.com\/blog\/#\/schema\/person\/1c14febe08d983bdf01edf39f9cacb5d"},"headline":"Prevenci\u00f3n y tratamiento de plagas en invierno","datePublished":"2014-02-17T18:28:30+00:00","dateModified":"2020-09-22T19:42:55+00:00","mainEntityOfPage":{"@id":"https:\/\/www.ecoterrazas.com\/blog\/prevencion-y-tratamiento-de-plagas-en-invierno\/"},"wordCount":1727,"commentCount":1,"image":{"@id":"https:\/\/www.ecoterrazas.com\/blog\/prevencion-y-tratamiento-de-plagas-en-invierno\/#primaryimage"},"thumbnailUrl":"https:\/\/www.ecoterrazas.com\/blog\/wp-content\/uploads\/portada6.jpg","keywords":["beneficios","huevos"],"articleSection":["Huerto Urbano","Jardiner\u00eda"],"inLanguage":"es","potentialAction":[{"@type":"CommentAction","name":"Comment","target":["https:\/\/www.ecoterrazas.com\/blog\/prevencion-y-tratamiento-de-plagas-en-invierno\/#respond"]}]},{"@type":"WebPage","@id":"https:\/\/www.ecoterrazas.com\/blog\/prevencion-y-tratamiento-de-plagas-en-invierno\/","url":"https:\/\/www.ecoterrazas.com\/blog\/prevencion-y-tratamiento-de-plagas-en-invierno\/","name":"Prevenci\u00f3n y tratamiento de plagas en invierno","isPartOf":{"@id":"https:\/\/www.ecoterrazas.com\/blog\/#website"},"primaryImageOfPage":{"@id":"https:\/\/www.ecoterrazas.com\/blog\/prevencion-y-tratamiento-de-plagas-en-invierno\/#primaryimage"},"image":{"@id":"https:\/\/www.ecoterrazas.com\/blog\/prevencion-y-tratamiento-de-plagas-en-invierno\/#primaryimage"},"thumbnailUrl":"https:\/\/www.ecoterrazas.com\/blog\/wp-content\/uploads\/portada6.jpg","datePublished":"2014-02-17T18:28:30+00:00","dateModified":"2020-09-22T19:42:55+00:00","author":{"@id":"https:\/\/www.ecoterrazas.com\/blog\/#\/schema\/person\/1c14febe08d983bdf01edf39f9cacb5d"},"description":"Invierno es el momento adecuado para podar tus plantas y tratarlas para que crezcan mas fuertes y resistentes adem\u00e1s de la identificaci\u00f3n de estas y su","inLanguage":"es","potentialAction":[{"@type":"ReadAction","target":["https:\/\/www.ecoterrazas.com\/blog\/prevencion-y-tratamiento-de-plagas-en-invierno\/"]}]},{"@type":"ImageObject","inLanguage":"es","@id":"https:\/\/www.ecoterrazas.com\/blog\/prevencion-y-tratamiento-de-plagas-en-invierno\/#primaryimage","url":"https:\/\/www.ecoterrazas.com\/blog\/wp-content\/uploads\/portada6.jpg","contentUrl":"https:\/\/www.ecoterrazas.com\/blog\/wp-content\/uploads\/portada6.jpg","width":1024,"height":768},{"@type":"WebSite","@id":"https:\/\/www.ecoterrazas.com\/blog\/#website","url":"https:\/\/www.ecoterrazas.com\/blog\/","name":"Ecoterrazas","description":"Plantas de aire y tendencias ecologicas","potentialAction":[{"@type":"SearchAction","target":{"@type":"EntryPoint","urlTemplate":"https:\/\/www.ecoterrazas.com\/blog\/?s={search_term_string}"},"query-input":{"@type":"PropertyValueSpecification","valueRequired":true,"valueName":"search_term_string"}}],"inLanguage":"es"},{"@type":"Person","@id":"https:\/\/www.ecoterrazas.com\/blog\/#\/schema\/person\/1c14febe08d983bdf01edf39f9cacb5d","name":"Ecoterrazas.com","sameAs":["https:\/\/www.ecoterrazas.com"],"url":"https:\/\/www.ecoterrazas.com\/blog\/author\/ecoterra\/"}]}},"jetpack_publicize_connections":[],"jetpack_featured_media_url":"https:\/\/www.ecoterrazas.com\/blog\/wp-content\/uploads\/portada6.jpg","jetpack_sharing_enabled":true,"jetpack_shortlink":"https:\/\/wp.me\/p2RF8Q-A2","_links":{"self":[{"href":"https:\/\/www.ecoterrazas.com\/blog\/wp-json\/wp\/v2\/posts\/2234","targetHints":{"allow":["GET"]}}],"collection":[{"href":"https:\/\/www.ecoterrazas.com\/blog\/wp-json\/wp\/v2\/posts"}],"about":[{"href":"https:\/\/www.ecoterrazas.com\/blog\/wp-json\/wp\/v2\/types\/post"}],"author":[{"embeddable":true,"href":"https:\/\/www.ecoterrazas.com\/blog\/wp-json\/wp\/v2\/users\/1"}],"replies":[{"embeddable":true,"href":"https:\/\/www.ecoterrazas.com\/blog\/wp-json\/wp\/v2\/comments?post=2234"}],"version-history":[{"count":6,"href":"https:\/\/www.ecoterrazas.com\/blog\/wp-json\/wp\/v2\/posts\/2234\/revisions"}],"predecessor-version":[{"id":3108,"href":"https:\/\/www.ecoterrazas.com\/blog\/wp-json\/wp\/v2\/posts\/2234\/revisions\/3108"}],"wp:featuredmedia":[{"embeddable":true,"href":"https:\/\/www.ecoterrazas.com\/blog\/wp-json\/wp\/v2\/media\/2237"}],"wp:attachment":[{"href":"https:\/\/www.ecoterrazas.com\/blog\/wp-json\/wp\/v2\/media?parent=2234"}],"wp:term":[{"taxonomy":"category","embeddable":true,"href":"https:\/\/www.ecoterrazas.com\/blog\/wp-json\/wp\/v2\/categories?post=2234"},{"taxonomy":"post_tag","embeddable":true,"href":"https:\/\/www.ecoterrazas.com\/blog\/wp-json\/wp\/v2\/tags?post=2234"}],"curies":[{"name":"wp","href":"https:\/\/api.w.org\/{rel}","templated":true}]}}